{"id":753,"date":"2026-03-14T02:33:09","date_gmt":"2026-03-14T02:33:09","guid":{"rendered":"https:\/\/radiofuturafm.com.br\/?p=753"},"modified":"2026-03-14T02:33:09","modified_gmt":"2026-03-14T02:33:09","slug":"senador-paulo-paim-defende-fim-da-escala-6x1-e-afirma-que-medida-pode-gerar-empregos","status":"publish","type":"post","link":"https:\/\/radiofuturafm.com.br\/index.php\/2026\/03\/14\/senador-paulo-paim-defende-fim-da-escala-6x1-e-afirma-que-medida-pode-gerar-empregos\/","title":{"rendered":"Senador Paulo Paim defende fim da escala 6&#215;1 e afirma que medida pode gerar empregos"},"content":{"rendered":"<div  class='flex_column av-av_one_full-dfffed1c4949eead95ef84c3cc332849 av_one_full  avia-builder-el-0  el_before_av_hr  avia-builder-el-first  first flex_column_div  '     ><p>\n<style type=\"text\/css\" data-created_by=\"avia_inline_auto\" id=\"style-css-av-mmppl8f5-75ada6f70443ee82c5f3eb8d37ed9146\">\n#top .av-special-heading.av-mmppl8f5-75ada6f70443ee82c5f3eb8d37ed9146{\npadding-bottom:10px;\n}\nbody .av-special-heading.av-mmppl8f5-75ada6f70443ee82c5f3eb8d37ed9146 .av-special-heading-tag .heading-char{\nfont-size:25px;\n}\n.av-special-heading.av-mmppl8f5-75ada6f70443ee82c5f3eb8d37ed9146 .av-subheading{\nfont-size:15px;\n}\n<\/style>\n<div  class='av-special-heading av-mmppl8f5-75ada6f70443ee82c5f3eb8d37ed9146 av-special-heading-h2 blockquote modern-quote  avia-builder-el-1  el_before_av_hr  avia-builder-el-first '><h2 class='av-special-heading-tag'  itemprop=\"headline\"  >Senador Paulo Paim defende fim da escala 6&#215;1 e afirma que medida pode gerar empregos<\/h2><div class=\"special-heading-border\"><div class=\"special-heading-inner-border\"><\/div><\/div><\/div><br \/>\n\n<style type=\"text\/css\" data-created_by=\"avia_inline_auto\" id=\"style-css-av-av_hr-af89a52d51412774536fa272e468f7cd\">\n#top .hr.hr-invisible.av-av_hr-af89a52d51412774536fa272e468f7cd{\nheight:30px;\n}\n<\/style>\n<div  class='hr av-av_hr-af89a52d51412774536fa272e468f7cd hr-invisible  avia-builder-el-2  el_after_av_heading  el_before_av_textblock '><span class='hr-inner '><span class=\"hr-inner-style\"><\/span><\/span><\/div><br \/>\n\n<style type=\"text\/css\" data-created_by=\"avia_inline_auto\" id=\"style-css-av-mmppmiuq-1f05abe603908939f10af1791c5c8cda\">\n#top .av_textblock_section.av-mmppmiuq-1f05abe603908939f10af1791c5c8cda .avia_textblock{\nfont-size:16px;\n}\n<\/style>\n<section  class='av_textblock_section av-mmppmiuq-1f05abe603908939f10af1791c5c8cda '   itemscope=\"itemscope\" itemtype=\"https:\/\/schema.org\/BlogPosting\" itemprop=\"blogPost\" ><div class='avia_textblock'  itemprop=\"text\" ><p class=\"p1\">O senador Paulo Paim (PT) voltou a defender a vota\u00e7\u00e3o do fim da escala 6&#215;1 no Brasil e argumentou que a redu\u00e7\u00e3o da jornada de trabalho, sem corte de sal\u00e1rios, pode gerar emprego, renda e melhorar a qualidade de vida dos trabalhadores.<\/p>\n<p class=\"p1\">Segundo o parlamentar, a maior parte das empresas brasileiras j\u00e1 adota o esquema de trabalho cinco por dois, em que os funcion\u00e1rios cumprem a carga hor\u00e1ria de segunda a sexta-feira, compensando pequenas horas extras para n\u00e3o trabalhar aos s\u00e1bados.<\/p>\n<p class=\"p1\">\u201cQuando voc\u00ea vai trabalhar mais descansado, com mais sa\u00fade e preparo, aumenta a produtividade\u201d, disse Paim. Ele lembrou que, em 1988, durante a Constituinte, foi reduzida a jornada de 48 para 44 horas semanais, apesar das preocupa\u00e7\u00f5es com o desemprego na \u00e9poca, que chegava a 10 a 13%. Desde ent\u00e3o, destacou o senador, o \u00edndice de desemprego caiu e se estabilizou em torno de 5%.<\/p>\n<p class=\"p1\">Para Paim, a redu\u00e7\u00e3o da jornada sem redu\u00e7\u00e3o de sal\u00e1rio favorece n\u00e3o apenas os trabalhadores, mas tamb\u00e9m os empres\u00e1rios. \u201cMais pessoas trabalhando, produzindo, consumindo e com mais sa\u00fade, produz mais, aumenta a produtividade. Com isso, todos ganham\u201d, afirmou.<\/p>\n<p class=\"p1\">O senador defende que essa medida pode gerar emprego, aumentar a renda e melhorar a qualidade de vida no pa\u00eds, mantendo o equil\u00edbrio econ\u00f4mico.<\/p>\n<\/div><\/section><br \/>\n\n<style type=\"text\/css\" data-created_by=\"avia_inline_auto\" id=\"style-css-av-mmppn2zr-8fa1aa8ad3405e8591fd802a581e1c1d\">\n#top .av_textblock_section.av-mmppn2zr-8fa1aa8ad3405e8591fd802a581e1c1d .avia_textblock{\nfont-size:12px;\n}\n<\/style>\n<section  class='av_textblock_section av-mmppn2zr-8fa1aa8ad3405e8591fd802a581e1c1d '   itemscope=\"itemscope\" itemtype=\"https:\/\/schema.org\/BlogPosting\" itemprop=\"blogPost\" ><div class='avia_textblock'  itemprop=\"text\" ><p class=\"p1\">A Central de Not\u00edcias da R\u00e1dio Futura \u00e9 uma iniciativa do Projeto \u201cRevolu\u00e7\u00e3o na psiquiatria: A humaniza\u00e7\u00e3o no legado de Nise da Silveira!\u201d. Este projeto foi realizado com o apoio da 9\u00aa Edi\u00e7\u00e3o do Programa Municipal de Fomento ao Servi\u00e7o de Radiodifus\u00e3o Comunit\u00e1ria Para a Cidade de S\u00e3o Paulo.<\/p>\n<p class=\"p2\"><span class=\"Apple-converted-space\">\u00a0<\/span><\/p>\n<\/div><\/section><\/p><\/div>\n<style type=\"text\/css\" data-created_by=\"avia_inline_auto\" id=\"style-css-av-av_hr-af89a52d51412774536fa272e468f7cd\">\n#top .hr.hr-invisible.av-av_hr-af89a52d51412774536fa272e468f7cd{\nheight:30px;\n}\n<\/style>\n<div  class='hr av-av_hr-af89a52d51412774536fa272e468f7cd hr-invisible  avia-builder-el-5  el_after_av_one_full  el_before_av_heading '><span class='hr-inner '><span class=\"hr-inner-style\"><\/span><\/span><\/div><\/p>\n\n<style type=\"text\/css\" data-created_by=\"avia_inline_auto\" id=\"style-css-av-mmpplon7-11f7dd46eab213bc6eb82c43e118ed0c\">\n#top .av-special-heading.av-mmpplon7-11f7dd46eab213bc6eb82c43e118ed0c{\npadding-bottom:10px;\n}\nbody .av-special-heading.av-mmpplon7-11f7dd46eab213bc6eb82c43e118ed0c .av-special-heading-tag .heading-char{\nfont-size:25px;\n}\n.av-special-heading.av-mmpplon7-11f7dd46eab213bc6eb82c43e118ed0c .av-subheading{\nfont-size:15px;\n}\n<\/style>\n<div  class='av-special-heading av-mmpplon7-11f7dd46eab213bc6eb82c43e118ed0c av-special-heading-h3 blockquote modern-quote  avia-builder-el-6  el_after_av_hr  el_before_av_hr '><h3 class='av-special-heading-tag'  itemprop=\"headline\"  >Assista a reportagem: Senador Paulo Paim defende fim da escala 6&#215;1 e afirma que medida pode gerar empregos<\/h3><div class=\"special-heading-border\"><div class=\"special-heading-inner-border\"><\/div><\/div><\/div>\n\n<style type=\"text\/css\" data-created_by=\"avia_inline_auto\" id=\"style-css-av-av_hr-af89a52d51412774536fa272e468f7cd\">\n#top .hr.hr-invisible.av-av_hr-af89a52d51412774536fa272e468f7cd{\nheight:30px;\n}\n<\/style>\n<div  class='hr av-av_hr-af89a52d51412774536fa272e468f7cd hr-invisible  avia-builder-el-7  el_after_av_heading  el_before_av_video '><span class='hr-inner '><span class=\"hr-inner-style\"><\/span><\/span><\/div>\n\n<style type=\"text\/css\" data-created_by=\"avia_inline_auto\" id=\"style-css-av-mmppkq9l-e9e54348eb9c3f51ff6455b40dfad7ca\">\n.avia-video.av-mmppkq9l-e9e54348eb9c3f51ff6455b40dfad7ca{\nbackground-image:url(https:\/\/radiofuturafm.com.br\/wp-content\/uploads\/2026\/03\/Captura-de-Tela-2026-03-13-a\u0300s-23.26.19-1030x550.png);\n}\n<\/style>\n<div  class='avia-video av-mmppkq9l-e9e54348eb9c3f51ff6455b40dfad7ca avia-video-16-9 av-preview-image avia-video-load-always av-lazyload-immediate av-lazyload-video-embed'  itemprop=\"video\" itemtype=\"https:\/\/schema.org\/VideoObject\"  data-original_url='https:\/\/youtu.be\/OpU5GWH2Zk0'><script type='text\/html' class='av-video-tmpl'><div class='avia-iframe-wrap'><iframe loading=\"lazy\" title=\"Senador Paulo Paim defende fim da escala 6x1 e afirma que medida pode gerar empregos\" width=\"1500\" height=\"844\" src=\"https:\/\/www.youtube.com\/embed\/OpU5GWH2Zk0?feature=oembed&autoplay=0&loop=0&controls=1&mute=0\" frameborder=\"0\" allow=\"accelerometer; autoplay; clipboard-write; encrypted-media; gyroscope; picture-in-picture; web-share\" referrerpolicy=\"strict-origin-when-cross-origin\" allowfullscreen><\/iframe><\/div><\/script><div class='av-click-to-play-overlay'><div class=\"avia_playpause_icon\"><\/div><\/div><\/div>\n","protected":false},"excerpt":{"rendered":"<p>O senador Paulo Paim (PT) voltou a defender a vota\u00e7\u00e3o do fim da escala 6&#215;1 no Brasil e argumentou que a redu\u00e7\u00e3o da jornada de trabalho, sem corte de sal\u00e1rios, pode gerar emprego, renda e melhorar a qualidade de vida dos trabalhadores.<\/p>\n","protected":false},"author":1,"featured_media":0,"comment_status":"open","ping_status":"open","sticky":false,"template":"","format":"standard","meta":{"footnotes":""},"categories":[1],"tags":[],"class_list":["post-753","post","type-post","status-publish","format-standard","hentry","category-noticiais"],"_links":{"self":[{"href":"https:\/\/radiofuturafm.com.br\/index.php\/wp-json\/wp\/v2\/posts\/753","targetHints":{"allow":["GET"]}}],"collection":[{"href":"https:\/\/radiofuturafm.com.br\/index.php\/wp-json\/wp\/v2\/posts"}],"about":[{"href":"https:\/\/radiofuturafm.com.br\/index.php\/wp-json\/wp\/v2\/types\/post"}],"author":[{"embeddable":true,"href":"https:\/\/radiofuturafm.com.br\/index.php\/wp-json\/wp\/v2\/users\/1"}],"replies":[{"embeddable":true,"href":"https:\/\/radiofuturafm.com.br\/index.php\/wp-json\/wp\/v2\/comments?post=753"}],"version-history":[{"count":1,"href":"https:\/\/radiofuturafm.com.br\/index.php\/wp-json\/wp\/v2\/posts\/753\/revisions"}],"predecessor-version":[{"id":755,"href":"https:\/\/radiofuturafm.com.br\/index.php\/wp-json\/wp\/v2\/posts\/753\/revisions\/755"}],"wp:attachment":[{"href":"https:\/\/radiofuturafm.com.br\/index.php\/wp-json\/wp\/v2\/media?parent=753"}],"wp:term":[{"taxonomy":"category","embeddable":true,"href":"https:\/\/radiofuturafm.com.br\/index.php\/wp-json\/wp\/v2\/categories?post=753"},{"taxonomy":"post_tag","embeddable":true,"href":"https:\/\/radiofuturafm.com.br\/index.php\/wp-json\/wp\/v2\/tags?post=753"}],"curies":[{"name":"wp","href":"https:\/\/api.w.org\/{rel}","templated":true}]}}