{"id":730,"date":"2026-01-28T19:42:39","date_gmt":"2026-01-28T19:42:39","guid":{"rendered":"https:\/\/radiofuturafm.com.br\/?p=730"},"modified":"2026-01-28T19:42:39","modified_gmt":"2026-01-28T19:42:39","slug":"a-escrita-como-expressao-de-arte","status":"publish","type":"post","link":"https:\/\/radiofuturafm.com.br\/index.php\/2026\/01\/28\/a-escrita-como-expressao-de-arte\/","title":{"rendered":"A escrita como express\u00e3o de arte"},"content":{"rendered":"<div  class='flex_column av-av_one_full-dfffed1c4949eead95ef84c3cc332849 av_one_full  avia-builder-el-0  el_before_av_player  avia-builder-el-first  first flex_column_div  '     ><p>\n<style type=\"text\/css\" data-created_by=\"avia_inline_auto\" id=\"style-css-av-mkyfj8p8-f02ec6414a00bfc1f3cda0379bd410ba\">\n#top .av-special-heading.av-mkyfj8p8-f02ec6414a00bfc1f3cda0379bd410ba{\npadding-bottom:10px;\n}\nbody .av-special-heading.av-mkyfj8p8-f02ec6414a00bfc1f3cda0379bd410ba .av-special-heading-tag .heading-char{\nfont-size:25px;\n}\n.av-special-heading.av-mkyfj8p8-f02ec6414a00bfc1f3cda0379bd410ba .av-subheading{\nfont-size:15px;\n}\n<\/style>\n<div  class='av-special-heading av-mkyfj8p8-f02ec6414a00bfc1f3cda0379bd410ba av-special-heading-h3  avia-builder-el-1  el_before_av_hr  avia-builder-el-first '><h3 class='av-special-heading-tag'  itemprop=\"headline\"  >A escrita como express\u00e3o de arte<\/h3><div class=\"special-heading-border\"><div class=\"special-heading-inner-border\"><\/div><\/div><\/div><br \/>\n<div  class='hr av-av_hr-91d7ccd583a503147498e120fee2ff9b hr-default  avia-builder-el-2  el_after_av_heading  el_before_av_textblock '><span class='hr-inner '><span class=\"hr-inner-style\"><\/span><\/span><\/div><br \/>\n<section  class='av_textblock_section av-mkyfk66q-66c359cb33e657efb061f5a276371355 '   itemscope=\"itemscope\" itemtype=\"https:\/\/schema.org\/BlogPosting\" itemprop=\"blogPost\" ><div class='avia_textblock'  itemprop=\"text\" ><h5 class=\"normal\" style=\"margin: 12.0pt 0cm 12.0pt 0cm;\"><i><span style=\"color: #434343;\">Fora dos museus, a escrita continua sendo uma das formas mais profundas de express\u00e3o humana.<\/span><\/i><\/h5>\n<p class=\"normal\" style=\"margin: 12.0pt 0cm 12.0pt 0cm;\"><em><span style=\"font-size: 8.0pt; line-height: 115%;\">Por: Jo\u00e3o Victor Montoza<\/span><\/em><\/p>\n<p class=\"normal\" style=\"margin: 12.0pt 0cm 12.0pt 0cm;\">A escrita acompanha o ser humano desde os primeiros registros de pensamento e mem\u00f3ria. Ainda assim, muitas vezes n\u00e3o ocupa o mesmo espa\u00e7o de reconhecimento que outras formas de arte, como a pintura ou a escultura. Para quem escreve, no entanto, ela n\u00e3o \u00e9 apenas t\u00e9cnica ou linguagem: \u00e9 sensibilidade, identidade e um modo profundo de existir no mundo.<\/p>\n<p class=\"normal\" style=\"margin: 12.0pt 0cm 12.0pt 0cm;\">Para muitos autores, o encontro com a escrita acontece cedo, de forma intuitiva. Antes das regras gramaticais ou da escrita acad\u00eamica, surgem palavras carregadas de sentimento, usadas para nomear o que se vive e o que se sente. Nesse processo, escrever se transforma em um caminho de autoconhecimento.<\/p>\n<p class=\"normal\" style=\"margin: 12.0pt 0cm 12.0pt 0cm;\">A escritora Beatriz Gomes conta que escreve desde muito jovem e que a escrita sempre esteve ligada a esse processo de descoberta interior, n\u00e3o como t\u00e9cnica aprendida, mas como express\u00e3o natural de quem escreve para compreender a pr\u00f3pria experi\u00eancia.<\/p>\n<p class=\"normal\" style=\"margin: 12.0pt 0cm 12.0pt 0cm;\">\u201cEu escrevo desde sempre praticamente ent\u00e3o antes mesmo de eu ter uns 14 anos, eu j\u00e1 escrevia, e \u00e0s vezes at\u00e9 compunha umas musiquinhas assim, eu falo pra mim de novo a escrita pra mim sempre foi um caminho descobrimento pessoal quase como se fosse \u00e9 revelar algo que j\u00e1 existia dentro de mim, ent\u00e3o pra mim sempre foi um dom muito natural, intuitivo que eu ia l\u00e1 escrevia, e que ia muito al\u00e9m das t\u00e9cnicas de escrita, escrita acad\u00eamica, eu aprender o portugu\u00eas corretamente, ent\u00e3o pra mim eu lia muito sim, sempre e eu fui desenvolvendo tipo a vou aqui escrever sobre algo que eu estou sentindo, sobre algo que estou vivendo, e acontecia e flu\u00eda e eu fui me identificando e me descobrindo cada vez mais.\u201d<\/p>\n<p class=\"normal\" style=\"margin: 12.0pt 0cm 12.0pt 0cm;\">Mesmo fora dos museus, a escrita segue sendo arte quando transforma viv\u00eancia em palavra e sil\u00eancio em sentido, \u00e9 uma forma de express\u00e3o genu\u00edna, que exige criatividade, habilidade e conhecimento.<\/p>\n<p>A Central de Not\u00edcias da R\u00e1dio Futura \u00e9 uma iniciativa do Projeto \u201cRevolu\u00e7\u00e3o na psiquiatria: A humaniza\u00e7\u00e3o no legado de Nise da Silveira!\u201d. Este projeto foi realizado com o apoio da 9\u00aa Edi\u00e7\u00e3o do Programa Municipal de Fomento ao Servi\u00e7o de Radiodifus\u00e3o Comunit\u00e1ria Para a Cidade de S\u00e3o Paulo.<\/p>\n<\/div><\/section><\/p><\/div><\/p>\n<div  class='avia-video av-mkyfl5sv-1d6a5cb3f715d5ff7cdbaecefd4f08f3 avia-video-16-9 av-no-preview-image avia-video-load-always av-lazyload-immediate av-lazyload-video-embed'  itemprop=\"video\" itemtype=\"https:\/\/schema.org\/VideoObject\"  data-original_url='https:\/\/www.youtube.com\/watch?v=p8nrlIEw-G4'><script type='text\/html' class='av-video-tmpl'><div class='avia-iframe-wrap'><iframe loading=\"lazy\" title=\"A escrita como express\u00e3o de arte\" width=\"1500\" height=\"844\" src=\"https:\/\/www.youtube.com\/embed\/p8nrlIEw-G4?feature=oembed&autoplay=0&loop=0&controls=1&mute=0\" frameborder=\"0\" allow=\"accelerometer; autoplay; clipboard-write; encrypted-media; gyroscope; picture-in-picture; web-share\" referrerpolicy=\"strict-origin-when-cross-origin\" allowfullscreen><\/iframe><\/div><\/script><div class='av-click-to-play-overlay'><div class=\"avia_playpause_icon\"><\/div><\/div><\/div>\n","protected":false},"excerpt":{"rendered":"","protected":false},"author":1,"featured_media":731,"comment_status":"open","ping_status":"open","sticky":false,"template":"","format":"standard","meta":{"footnotes":""},"categories":[1],"tags":[],"class_list":["post-730","post","type-post","status-publish","format-standard","has-post-thumbnail","hentry","category-noticiais"],"_links":{"self":[{"href":"https:\/\/radiofuturafm.com.br\/index.php\/wp-json\/wp\/v2\/posts\/730","targetHints":{"allow":["GET"]}}],"collection":[{"href":"https:\/\/radiofuturafm.com.br\/index.php\/wp-json\/wp\/v2\/posts"}],"about":[{"href":"https:\/\/radiofuturafm.com.br\/index.php\/wp-json\/wp\/v2\/types\/post"}],"author":[{"embeddable":true,"href":"https:\/\/radiofuturafm.com.br\/index.php\/wp-json\/wp\/v2\/users\/1"}],"replies":[{"embeddable":true,"href":"https:\/\/radiofuturafm.com.br\/index.php\/wp-json\/wp\/v2\/comments?post=730"}],"version-history":[{"count":1,"href":"https:\/\/radiofuturafm.com.br\/index.php\/wp-json\/wp\/v2\/posts\/730\/revisions"}],"predecessor-version":[{"id":732,"href":"https:\/\/radiofuturafm.com.br\/index.php\/wp-json\/wp\/v2\/posts\/730\/revisions\/732"}],"wp:featuredmedia":[{"embeddable":true,"href":"https:\/\/radiofuturafm.com.br\/index.php\/wp-json\/wp\/v2\/media\/731"}],"wp:attachment":[{"href":"https:\/\/radiofuturafm.com.br\/index.php\/wp-json\/wp\/v2\/media?parent=730"}],"wp:term":[{"taxonomy":"category","embeddable":true,"href":"https:\/\/radiofuturafm.com.br\/index.php\/wp-json\/wp\/v2\/categories?post=730"},{"taxonomy":"post_tag","embeddable":true,"href":"https:\/\/radiofuturafm.com.br\/index.php\/wp-json\/wp\/v2\/tags?post=730"}],"curies":[{"name":"wp","href":"https:\/\/api.w.org\/{rel}","templated":true}]}}