{"id":713,"date":"2025-12-30T00:12:03","date_gmt":"2025-12-30T00:12:03","guid":{"rendered":"https:\/\/radiofuturafm.com.br\/?p=713"},"modified":"2025-12-30T00:12:09","modified_gmt":"2025-12-30T00:12:09","slug":"carrinhos-de-bebe-e-cosplays-eventos-de-cultura-pop-viram-programa-obrigatorio-para-familias-em-sao-paulo","status":"publish","type":"post","link":"https:\/\/radiofuturafm.com.br\/index.php\/2025\/12\/30\/carrinhos-de-bebe-e-cosplays-eventos-de-cultura-pop-viram-programa-obrigatorio-para-familias-em-sao-paulo\/","title":{"rendered":"Carrinhos de beb\u00ea e cosplays: Eventos de cultura pop viram programa obrigat\u00f3rio para fam\u00edlias em S\u00e3o Paulo"},"content":{"rendered":"<div  class='flex_column av-av_one_full-dfffed1c4949eead95ef84c3cc332849 av_one_full  avia-builder-el-0  el_before_av_hr  avia-builder-el-first  first flex_column_div  '     ><p>\n<style type=\"text\/css\" data-created_by=\"avia_inline_auto\" id=\"style-css-av-mjrty87n-7b6a242fad7ace87c67c0ed7aac325fe\">\n#top .av-special-heading.av-mjrty87n-7b6a242fad7ace87c67c0ed7aac325fe{\npadding-bottom:10px;\n}\nbody .av-special-heading.av-mjrty87n-7b6a242fad7ace87c67c0ed7aac325fe .av-special-heading-tag .heading-char{\nfont-size:25px;\n}\n.av-special-heading.av-mjrty87n-7b6a242fad7ace87c67c0ed7aac325fe .av-subheading{\nfont-size:15px;\n}\n<\/style>\n<div  class='av-special-heading av-mjrty87n-7b6a242fad7ace87c67c0ed7aac325fe av-special-heading-h2 blockquote modern-quote  avia-builder-el-1  el_before_av_hr  avia-builder-el-first '><h2 class='av-special-heading-tag'  itemprop=\"headline\"  >Carrinhos de beb\u00ea e cosplays: Eventos de cultura pop viram programa obrigat\u00f3rio para fam\u00edlias em S\u00e3o Paulo<\/h2><div class=\"special-heading-border\"><div class=\"special-heading-inner-border\"><\/div><\/div><\/div><br \/>\n\n<style type=\"text\/css\" data-created_by=\"avia_inline_auto\" id=\"style-css-av-av_hr-af89a52d51412774536fa272e468f7cd\">\n#top .hr.hr-invisible.av-av_hr-af89a52d51412774536fa272e468f7cd{\nheight:30px;\n}\n<\/style>\n<div  class='hr av-av_hr-af89a52d51412774536fa272e468f7cd hr-invisible  avia-builder-el-2  el_after_av_heading  el_before_av_textblock '><span class='hr-inner '><span class=\"hr-inner-style\"><\/span><\/span><\/div><br \/>\n\n<style type=\"text\/css\" data-created_by=\"avia_inline_auto\" id=\"style-css-av-mjru0fex-a31b1bfd599ab752597006cb761182fa\">\n#top .av_textblock_section.av-mjru0fex-a31b1bfd599ab752597006cb761182fa .avia_textblock{\nfont-size:16px;\n}\n<\/style>\n<section  class='av_textblock_section av-mjru0fex-a31b1bfd599ab752597006cb761182fa '   itemscope=\"itemscope\" itemtype=\"https:\/\/schema.org\/BlogPosting\" itemprop=\"blogPost\" ><div class='avia_textblock'  itemprop=\"text\" ><h4 class=\"p2\">Longe do estigma de ser um &#8220;lugar s\u00f3 de adolescentes&#8221;, conven\u00e7\u00f5es geek atraem pais que buscam seguran\u00e7a e acolhimento para os filhos.<span class=\"Apple-converted-space\">\u00a0<\/span><\/h4>\n<p class=\"p2\">Esque\u00e7a a ideia ultrapassada de que eventos de anime e cultura pop s\u00e3o territ\u00f3rios exclusivos de adolescentes barulhentos ou f\u00e3s nichados. Em S\u00e3o Paulo, o cen\u00e1rio mudou drasticamente: os corredores das conven\u00e7\u00f5es, entre estandes de quadrinhos e arenas de games, est\u00e3o cada vez mais disputados por carrinhos de beb\u00ea, pais &#8220;nerds&#8221; e av\u00f3s acompanhantes. O motivo? Um p\u00fablico adulto que busca divers\u00e3o, mas que, acima de tudo, prioriza a seguran\u00e7a.<span class=\"Apple-converted-space\">\u00a0<\/span><\/p>\n<p class=\"p2\">A programadora Ana Rosa, moradora do Rio de Janeiro, ilustra bem esse movimento. Ela visitou o evento em S\u00e3o Paulo pela primeira vez a convite do namorado, que vive na capital paulista. Segundo ela, foi ele, (que se considera &#8220;mais otaku&#8221; do que ela) quem comprou os ingressos para levar as filhas dela.<span class=\"Apple-converted-space\">\u00a0<\/span><\/p>\n<p class=\"p2\">A surpresa de Ana n\u00e3o foi com as atra\u00e7\u00f5es, mas com a hospitalidade. Acostumada a ver a cultura nerd de forma menos difundida em sua adolesc\u00eancia no Rio, ela se encantou com o ambiente acolhedor. &#8220;\u00c9 a primeira vez que venho e minhas filhas est\u00e3o adorando. Acho um evento muito seguro para crian\u00e7as e fam\u00edlias no geral&#8221;, conta.<span class=\"Apple-converted-space\">\u00a0<\/span><\/p>\n<p class=\"p2\">Para a turista, o grande diferencial est\u00e1 no &#8220;c\u00f3digo de conduta&#8221; impl\u00edcito da comunidade. Em compara\u00e7\u00e3o com outros eventos de massa, a paci\u00eancia dos frequentadores chamou a aten\u00e7\u00e3o. &#8220;Todo mundo que elas pararam para tirar foto, pediram para tirar foto, trataram muito bem. \u00c9 bem melhor do que outras \u00e1reas, como m\u00fasica ou esporte&#8221;, avalia Ana, destacando que o universo nerd tende a abra\u00e7ar e apoiar as crian\u00e7as.<span class=\"Apple-converted-space\">\u00a0<\/span><\/p>\n<p class=\"p2\">Enquanto turistas descobrem esse universo, moradores locais j\u00e1 transformaram a visita em tradi\u00e7\u00e3o anual. A professora Carol, da Zona Leste de S\u00e3o Paulo, estava em sua quinta visita ao evento. Caracterizada como a personagem Ravena, dos Jovens Tit\u00e3s, ela explica que o h\u00e1bito come\u00e7ou com o marido, que costumava ir fantasiado sozinho. Hoje, o passeio envolve a fam\u00edlia toda e inclui visitas a outros eventos do g\u00eanero, inclusive na regi\u00e3o do ABC.<span class=\"Apple-converted-space\">\u00a0<\/span><\/p>\n<p class=\"p2\">Para a professora, o evento transcende o lazer e serve como ferramenta educativa. A fam\u00edlia opta conscientemente por n\u00e3o participar das competi\u00e7\u00f5es oficiais de cosplay, preferindo a &#8220;brincadeira&#8221; de se vestir e circular.<span class=\"Apple-converted-space\">\u00a0<\/span><\/p>\n<p class=\"p2\">&#8220;A gente n\u00e3o gosta muito de competir, gosta mesmo da divers\u00e3o e da socializa\u00e7\u00e3o&#8221;, explica Carol. Ela enxerga nessa atitude uma forma de trabalhar a intelig\u00eancia emocional dos filhos: &#8220;Acho que a ideia de n\u00e3o ter um vencedor ajuda, \u00e9 um bom incentivo, porque eles ainda n\u00e3o sabem lidar muito bem com a frustra\u00e7\u00e3o. Sei que precisam aprender, mas nesse momento, focar na divers\u00e3o funciona melhor&#8221;.<span class=\"Apple-converted-space\">\u00a0<\/span><\/p>\n<p class=\"p2\">Com o p\u00fablico crescendo a cada ano e os corredores ficando mais cheios, a infraestrutura \u00e9 colocada \u00e0 prova. Segundo Carol, o espa\u00e7o tem &#8220;dado conta do recado&#8221;, mas o segredo para os pais sobreviverem \u00e0 maratona \u00e9 o planejamento e, principalmente, a negocia\u00e7\u00e3o.<span class=\"Apple-converted-space\">\u00a0<\/span><\/p>\n<p class=\"p2\">Para garantir a paz familiar, a estrat\u00e9gia de Carol \u00e9 intercalar as atra\u00e7\u00f5es para contemplar gostos distintos. &#8220;Minha filha gosta muito do &#8216;Just Dance&#8217;, ent\u00e3o j\u00e1 fomos l\u00e1. O outro quer andar, ver os personagens e tirar fotos. A gente meio que &#8216;abarca&#8217; todo mundo e consegue agradar os dois&#8221;, revela.<span class=\"Apple-converted-space\">\u00a0<\/span><\/p>\n<p class=\"p2\">Seja pela seguran\u00e7a elogiada por quem vem de fora ou pelas li\u00e7\u00f5es de conviv\u00eancia citadas pelos veteranos, a cultura geek prova, edi\u00e7\u00e3o ap\u00f3s edi\u00e7\u00e3o, que a fantasia n\u00e3o tem idade. Mais do que isso, mostra que a comunidade est\u00e1 de bra\u00e7os abertos para formar sua pr\u00f3xima gera\u00e7\u00e3o, com respeito e divers\u00e3o.<span class=\"Apple-converted-space\">\u00a0<\/span><\/p>\n<h6 class=\"p1\">A Central de Not\u00edcias da R\u00e1dio Futura \u00e9 uma iniciativa do Projeto \u201cRevolu\u00e7\u00e3o na psiquiatria: A humaniza\u00e7\u00e3o no legado de Nise da Silveira!\u201d. Este projeto foi realizado com o apoio da 9\u00aa Edi\u00e7\u00e3o do Programa Municipal de Fomento ao Servi\u00e7o de Radiodifus\u00e3o Comunit\u00e1ria Para a Cidade de S\u00e3o Paulo.<\/h6>\n<p class=\"p2\"><span class=\"Apple-converted-space\">\u00a0<\/span><\/p>\n<\/div><\/section><\/p><\/div>\n<style type=\"text\/css\" data-created_by=\"avia_inline_auto\" id=\"style-css-av-av_hr-af89a52d51412774536fa272e468f7cd\">\n#top .hr.hr-invisible.av-av_hr-af89a52d51412774536fa272e468f7cd{\nheight:30px;\n}\n<\/style>\n<div  class='hr av-av_hr-af89a52d51412774536fa272e468f7cd hr-invisible  avia-builder-el-4  el_after_av_one_full  el_before_av_heading '><span class='hr-inner '><span class=\"hr-inner-style\"><\/span><\/span><\/div><\/p>\n\n<style type=\"text\/css\" data-created_by=\"avia_inline_auto\" id=\"style-css-av-mjrtxfal-c7fc1e04047a2e4ca881b489a8553b78\">\n#top .av-special-heading.av-mjrtxfal-c7fc1e04047a2e4ca881b489a8553b78{\npadding-bottom:10px;\n}\nbody .av-special-heading.av-mjrtxfal-c7fc1e04047a2e4ca881b489a8553b78 .av-special-heading-tag .heading-char{\nfont-size:25px;\n}\n.av-special-heading.av-mjrtxfal-c7fc1e04047a2e4ca881b489a8553b78 .av-subheading{\nfont-size:15px;\n}\n<\/style>\n<div  class='av-special-heading av-mjrtxfal-c7fc1e04047a2e4ca881b489a8553b78 av-special-heading-h3 blockquote modern-quote  avia-builder-el-5  el_after_av_hr  el_before_av_hr '><h3 class='av-special-heading-tag'  itemprop=\"headline\"  >Assista a reportagem: Carrinhos de beb\u00ea e cosplays: Eventos de cultura pop viram programa obrigat\u00f3rio para fam\u00edlias em S\u00e3o Paulo<\/h3><div class=\"special-heading-border\"><div class=\"special-heading-inner-border\"><\/div><\/div><\/div>\n\n<style type=\"text\/css\" data-created_by=\"avia_inline_auto\" id=\"style-css-av-av_hr-af89a52d51412774536fa272e468f7cd\">\n#top .hr.hr-invisible.av-av_hr-af89a52d51412774536fa272e468f7cd{\nheight:30px;\n}\n<\/style>\n<div  class='hr av-av_hr-af89a52d51412774536fa272e468f7cd hr-invisible  avia-builder-el-6  el_after_av_heading  el_before_av_video '><span class='hr-inner '><span class=\"hr-inner-style\"><\/span><\/span><\/div>\n\n<style type=\"text\/css\" data-created_by=\"avia_inline_auto\" id=\"style-css-av-mjrtwmeb-ba7ca2cb610662f59c3b7cec083e6df0\">\n.avia-video.av-mjrtwmeb-ba7ca2cb610662f59c3b7cec083e6df0{\nbackground-image:url(https:\/\/radiofuturafm.com.br\/wp-content\/uploads\/2025\/12\/Carrinhos-de-bebe-e-cosplays-Eventos-de-cultura-pop-viram-programa-obrigatorio-para-familias-em-Sao-Paulo-300x167.png);\n}\n<\/style>\n<div  class='avia-video av-mjrtwmeb-ba7ca2cb610662f59c3b7cec083e6df0 avia-video-16-9 av-preview-image avia-video-load-always av-lazyload-immediate av-lazyload-video-embed'  itemprop=\"video\" itemtype=\"https:\/\/schema.org\/VideoObject\"  data-original_url='https:\/\/youtu.be\/6nsu4mso2m8'><script type='text\/html' class='av-video-tmpl'><div class='avia-iframe-wrap'><iframe loading=\"lazy\" title=\"Carrinhos de beb\u00ea e cosplays\" width=\"1500\" height=\"844\" src=\"https:\/\/www.youtube.com\/embed\/6nsu4mso2m8?feature=oembed&autoplay=0&loop=0&controls=1&mute=0\" frameborder=\"0\" allow=\"accelerometer; autoplay; clipboard-write; encrypted-media; gyroscope; picture-in-picture; web-share\" referrerpolicy=\"strict-origin-when-cross-origin\" allowfullscreen><\/iframe><\/div><\/script><div class='av-click-to-play-overlay'><div class=\"avia_playpause_icon\"><\/div><\/div><\/div>\n","protected":false},"excerpt":{"rendered":"<p>Esque\u00e7a a ideia ultrapassada de que eventos de anime e cultura pop s\u00e3o territ\u00f3rios exclusivos de adolescentes barulhentos ou f\u00e3s nichados. Em S\u00e3o Paulo, o cen\u00e1rio mudou drasticamente: os corredores das conven\u00e7\u00f5es<\/p>\n","protected":false},"author":1,"featured_media":714,"comment_status":"open","ping_status":"open","sticky":false,"template":"","format":"standard","meta":{"footnotes":""},"categories":[1],"tags":[],"class_list":["post-713","post","type-post","status-publish","format-standard","has-post-thumbnail","hentry","category-noticiais"],"_links":{"self":[{"href":"https:\/\/radiofuturafm.com.br\/index.php\/wp-json\/wp\/v2\/posts\/713","targetHints":{"allow":["GET"]}}],"collection":[{"href":"https:\/\/radiofuturafm.com.br\/index.php\/wp-json\/wp\/v2\/posts"}],"about":[{"href":"https:\/\/radiofuturafm.com.br\/index.php\/wp-json\/wp\/v2\/types\/post"}],"author":[{"embeddable":true,"href":"https:\/\/radiofuturafm.com.br\/index.php\/wp-json\/wp\/v2\/users\/1"}],"replies":[{"embeddable":true,"href":"https:\/\/radiofuturafm.com.br\/index.php\/wp-json\/wp\/v2\/comments?post=713"}],"version-history":[{"count":1,"href":"https:\/\/radiofuturafm.com.br\/index.php\/wp-json\/wp\/v2\/posts\/713\/revisions"}],"predecessor-version":[{"id":715,"href":"https:\/\/radiofuturafm.com.br\/index.php\/wp-json\/wp\/v2\/posts\/713\/revisions\/715"}],"wp:featuredmedia":[{"embeddable":true,"href":"https:\/\/radiofuturafm.com.br\/index.php\/wp-json\/wp\/v2\/media\/714"}],"wp:attachment":[{"href":"https:\/\/radiofuturafm.com.br\/index.php\/wp-json\/wp\/v2\/media?parent=713"}],"wp:term":[{"taxonomy":"category","embeddable":true,"href":"https:\/\/radiofuturafm.com.br\/index.php\/wp-json\/wp\/v2\/categories?post=713"},{"taxonomy":"post_tag","embeddable":true,"href":"https:\/\/radiofuturafm.com.br\/index.php\/wp-json\/wp\/v2\/tags?post=713"}],"curies":[{"name":"wp","href":"https:\/\/api.w.org\/{rel}","templated":true}]}}