{"id":709,"date":"2025-12-23T15:43:54","date_gmt":"2025-12-23T15:43:54","guid":{"rendered":"https:\/\/radiofuturafm.com.br\/?p=709"},"modified":"2025-12-23T15:57:40","modified_gmt":"2025-12-23T15:57:40","slug":"a-literatura-e-a-infancia","status":"publish","type":"post","link":"https:\/\/radiofuturafm.com.br\/index.php\/2025\/12\/23\/a-literatura-e-a-infancia\/","title":{"rendered":"A Literatura e a inf\u00e2ncia"},"content":{"rendered":"<div  class='flex_column av-pd58d-57970847106c5f4f36ce048848c25957 av_one_full  avia-builder-el-0  el_before_av_hr  avia-builder-el-first  first flex_column_div  '     ><p>\n<style type=\"text\/css\" data-created_by=\"avia_inline_auto\" id=\"style-css-av-mjir6qdw-4106fb175e20dbdfbf2e205a619e2cef\">\n#top .av-special-heading.av-mjir6qdw-4106fb175e20dbdfbf2e205a619e2cef{\npadding-bottom:10px;\n}\nbody .av-special-heading.av-mjir6qdw-4106fb175e20dbdfbf2e205a619e2cef .av-special-heading-tag .heading-char{\nfont-size:25px;\n}\n.av-special-heading.av-mjir6qdw-4106fb175e20dbdfbf2e205a619e2cef .av-subheading{\nfont-size:15px;\n}\n<\/style>\n<div  class='av-special-heading av-mjir6qdw-4106fb175e20dbdfbf2e205a619e2cef av-special-heading-h3 blockquote modern-quote  avia-builder-el-1  el_before_av_hr  avia-builder-el-first '><h3 class='av-special-heading-tag'  itemprop=\"headline\"  >A Literatura e a inf\u00e2ncia <\/h3><div class=\"special-heading-border\"><div class=\"special-heading-inner-border\"><\/div><\/div><\/div><br \/>\n\n<style type=\"text\/css\" data-created_by=\"avia_inline_auto\" id=\"style-css-av-n1ifh-b1c2626f978553f27a74e0d214a870e5\">\n#top .hr.hr-invisible.av-n1ifh-b1c2626f978553f27a74e0d214a870e5{\nheight:30px;\n}\n<\/style>\n<div  class='hr av-n1ifh-b1c2626f978553f27a74e0d214a870e5 hr-invisible  avia-builder-el-2  el_after_av_heading  el_before_av_textblock '><span class='hr-inner '><span class=\"hr-inner-style\"><\/span><\/span><\/div><br \/>\n\n<style type=\"text\/css\" data-created_by=\"avia_inline_auto\" id=\"style-css-av-mjir6z4c-90db11219cd11b9a2736cdc4d0a49fde\">\n#top .av_textblock_section.av-mjir6z4c-90db11219cd11b9a2736cdc4d0a49fde .avia_textblock{\nfont-size:16px;\n}\n<\/style>\n<section  class='av_textblock_section av-mjir6z4c-90db11219cd11b9a2736cdc4d0a49fde '   itemscope=\"itemscope\" itemtype=\"https:\/\/schema.org\/BlogPosting\" itemprop=\"blogPost\" ><div class='avia_textblock'  itemprop=\"text\" ><h4 class=\"p1\">Como desenvolver o h\u00e1bito da leitura entre os jovens pode auxiliar na linguagem, imagina\u00e7\u00e3o e no desenvolvimento de habilidades essenciais para a forma\u00e7\u00e3o humana.<\/h4>\n<p class=\"p2\">De acordo com um estudo de caso realizado pela Universidade Federal do Par\u00e1, em parceria com o Projeto Literatura da Biblioteca do SESC DOCA, as atividades liter\u00e1rias se mostram ferramentas importantes para estimular a cogni\u00e7\u00e3o das crian\u00e7as. Como j\u00e1 afirmou o escritor brasileiro, Carlos Drummond de Andrade, \u201cA<span class=\"Apple-converted-space\">\u00a0 <\/span>inf\u00e2ncia \u00e9 a fase em que tudo \u00e9 mist\u00e9rio, descoberta e inven\u00e7\u00e3o\u201d. Por isso, \u00e9 fundamental ajudar os pequenos a ampliar sua compreens\u00e3o, participa\u00e7\u00e3o e interesse pela leitura, favorecendo a capacidade de navegar pelo mundo, habilidades que, segundo a pesquisa, podem ser desenvolvidas nos livros.<\/p>\n<p class=\"p3\">Quem fala mais sobre isso \u00e9 Paula Torini, cientista e m\u00e3e da Olga de 3 anos. Ela contou um pouco sobre o que instiga a sua filha na leitura e relembrou da sua inf\u00e2ncia e o que a estimulava a apreciar os livros:<\/p>\n<p class=\"p5\"><i>\u201cEla gosta muito de livros de dinossauros, livros com bichos, insetos e de gibi tamb\u00e9m. Eu gosto muito de gibi. Minha inf\u00e2ncia teve muito contato com gibi. Meus pais n\u00e3o tinham tanta familiaridade com a leitura. Sempre tinha livro dispon\u00edvel em casa, mas acho que, a partir do momento em que comecei a ler, isso fez muita diferen\u00e7a. A familiaridade com a leitura \u00e9 um in\u00edcio importante. A gente gosta de estimular o h\u00e1bito de ler e tamb\u00e9m o h\u00e1bito de imaginar as hist\u00f3rias. Acho que isso abre um mundo de criatividade e de interesse. Ent\u00e3o, para a gente, \u00e9 super positivo.\u201d<\/i><\/p>\n<p class=\"p2\">No entanto, os impactos que a literatura infantil tem na vida adulta,<span class=\"Apple-converted-space\">\u00a0 <\/span>n\u00e3o \u00e9 s\u00f3 uma percep\u00e7\u00e3o de Paula. Segundo o estudo da Universidade da Carolina do Norte, The <i>Carolina Abecedarian Project, que <\/i>analisa os efeitos da educa\u00e7\u00e3o infantil, mostrou que interven\u00e7\u00e3o intensiva e a estimula\u00e7\u00e3o educativa na primeira inf\u00e2ncia associada a ganhos cognitivos, melhor desempenho escolar e efeitos positivos na vida adulta.<\/p>\n<p class=\"p2\">Por\u00e9m, como desenvolver o interesse nos livros enquanto os mais novos cresceram com as telas, que s\u00e3o atrativas, coloridas, brilhantes e quase hipn\u00f3ticas?<\/p>\n<p class=\"p2\">A pesquisa mais recente da s\u00e9rie Retratos da Leitura no Brasil, conduzida pelo Instituto Pr\u00f3-Livro<span class=\"Apple-converted-space\">\u00a0 <\/span>que j\u00e1 est\u00e1 em sua 6\u00aa edi\u00e7\u00e3o , oferece dados detalhados sobre os h\u00e1bitos de leitura da popula\u00e7\u00e3o brasileira. De acordo com os dados coletados, 41% das crian\u00e7as de 5 a 10 anos afirmam gostar muito de ler. Esse n\u00famero cai para 28% entre os jovens de 11 a 13 anos e para 23% entre os de 14 a 17 anos. Por\u00e9m, como \u00e9 poss\u00edvel reverter essa situa\u00e7\u00e3o?<\/p>\n<p class=\"p7\">Wagner \u00e9 professor da rede municipal e afirma que o contato das crian\u00e7as com os livros depende diretamente das experi\u00eancias que lhes s\u00e3o oferecidas tanto em casa quanto na escola.<\/p>\n<p class=\"p3\"><i>\u201cTodo livro que eu leio para minha filha e que eu leio para meus alunos, para as crian\u00e7as, eles gostam. As crian\u00e7as s\u00e3o muito abertas a todo tipo de experi\u00eancia que a gente oferece. Se voc\u00ea oferece livros, elas v\u00e3o gostar. Se voc\u00ea oferece o mundo digital, elas tamb\u00e9m v\u00e3o gostar. Agora, o audiovisual e as telas t\u00eam um apelo muito grande, com uma recompensa muito imediata e cont\u00ednua. J\u00e1 os livros est\u00e3o cada vez menos presentes em algumas casas.Em alguns lares, quando os pais leem e se interessam por livros, as crian\u00e7as acabam desenvolvendo esse interesse tamb\u00e9m. J\u00e1 quando isso n\u00e3o acontece, as telas acabam se tornando o principal espa\u00e7o de intera\u00e7\u00e3o das crian\u00e7as.\u201d<\/i><a href=\"https:\/\/www.unesco.org\/en\/articles\/investing-early-childhood-care-and-education-yields-lifelong-benefits?utm_source=chatgpt.com\"><span class=\"s1\"><i><br \/>\n<\/i><\/span><\/a><span class=\"s2\"><i><span class=\"Apple-converted-space\">\u00a0<\/span><\/i><\/span><\/p>\n<p class=\"p3\">Estudos e confer\u00eancias organizados pela UNESCO refor\u00e7am que investimento em atendimento e educa\u00e7\u00e3o na primeira inf\u00e2ncia tem retornos positivos em habilidades cognitivas e sociais. No entanto, quais s\u00e3o os livros que v\u00e3o ajudar no desenvolvimento e despertar o interesse na leitura. Wagner fala mais sobre isso:<\/p>\n<p class=\"p3\"><span class=\"s3\"><br \/>\n<\/span><i>\u201cTodos os livros s\u00e3o legais, principalmente os livros que eles escolhem. Minha filha, por exemplo, gosta de escolher os pr\u00f3prios livros. Ela vem, olha v\u00e1rios, avalia e escolhe. A gente sempre procura deixar as crian\u00e7as escolherem, considerando o interesse delas, mas tamb\u00e9m fazemos nossas escolhas.Existem livros que ajudam muito na imagina\u00e7\u00e3o, que t\u00eam uma narrativa envolvente, uma est\u00e9tica interessante e imagens que estimulam a criatividade. Esses livros contribuem bastante para que as crian\u00e7as criem gosto pela leitura.\u201d<\/i><\/p>\n<p>Por <b><i>Luiza Borgli<\/i><\/b><\/p>\n<h6 class=\"p1\">A Central de Not\u00edcias da R\u00e1dio Futura \u00e9 uma iniciativa do Projeto \u201cRevolu\u00e7\u00e3o na psiquiatria: A humaniza\u00e7\u00e3o no legado de Nise da Silveira!\u201d. Este projeto foi realizado com o apoio da 9\u00aa Edi\u00e7\u00e3o do Programa Municipal de Fomento ao Servi\u00e7o de Radiodifus\u00e3o Comunit\u00e1ria Para a Cidade de S\u00e3o Paulo.<\/h6>\n<\/div><\/section><\/p><\/div>\n<style type=\"text\/css\" data-created_by=\"avia_inline_auto\" id=\"style-css-av-ejaid-d136675875144d594911ea6f7835aa0a\">\n#top .hr.hr-invisible.av-ejaid-d136675875144d594911ea6f7835aa0a{\nheight:30px;\n}\n<\/style>\n<div  class='hr av-ejaid-d136675875144d594911ea6f7835aa0a hr-invisible  avia-builder-el-4  el_after_av_one_full  el_before_av_heading '><span class='hr-inner '><span class=\"hr-inner-style\"><\/span><\/span><\/div><\/p>\n\n<style type=\"text\/css\" data-created_by=\"avia_inline_auto\" id=\"style-css-av-mjir6gj0-2ce163d5dc26d3226395f419b234597e\">\n#top .av-special-heading.av-mjir6gj0-2ce163d5dc26d3226395f419b234597e{\npadding-bottom:10px;\n}\nbody .av-special-heading.av-mjir6gj0-2ce163d5dc26d3226395f419b234597e .av-special-heading-tag .heading-char{\nfont-size:25px;\n}\n.av-special-heading.av-mjir6gj0-2ce163d5dc26d3226395f419b234597e .av-subheading{\nfont-size:15px;\n}\n<\/style>\n<div  class='av-special-heading av-mjir6gj0-2ce163d5dc26d3226395f419b234597e av-special-heading-h3 blockquote modern-quote  avia-builder-el-5  el_after_av_hr  el_before_av_hr '><h3 class='av-special-heading-tag'  itemprop=\"headline\"  >Assista a reportagem: A Literatura e a inf\u00e2ncia <\/h3><div class=\"special-heading-border\"><div class=\"special-heading-inner-border\"><\/div><\/div><\/div>\n\n<style type=\"text\/css\" data-created_by=\"avia_inline_auto\" id=\"style-css-av-8hqpx-7a96a7daca4502d5ed725fef752ae7a5\">\n#top .hr.hr-invisible.av-8hqpx-7a96a7daca4502d5ed725fef752ae7a5{\nheight:30px;\n}\n<\/style>\n<div  class='hr av-8hqpx-7a96a7daca4502d5ed725fef752ae7a5 hr-invisible  avia-builder-el-6  el_after_av_heading  el_before_av_video '><span class='hr-inner '><span class=\"hr-inner-style\"><\/span><\/span><\/div>\n\n<style type=\"text\/css\" data-created_by=\"avia_inline_auto\" id=\"style-css-av-mjir55rz-1340386601607206572fff5b78e530c8\">\n.avia-video.av-mjir55rz-1340386601607206572fff5b78e530c8{\nbackground-image:url(https:\/\/radiofuturafm.com.br\/wp-content\/uploads\/2025\/12\/A-Literatura-e-a-infancia--300x168.png);\n}\n<\/style>\n<div  class='avia-video av-mjir55rz-1340386601607206572fff5b78e530c8 avia-video-16-9 av-preview-image avia-video-load-always av-lazyload-immediate av-lazyload-video-embed'  itemprop=\"video\" itemtype=\"https:\/\/schema.org\/VideoObject\"  data-original_url='https:\/\/youtu.be\/OjgLb0O--p4'><script type='text\/html' class='av-video-tmpl'><div class='avia-iframe-wrap'><iframe loading=\"lazy\" title=\"A Literatura e a inf\u00e2ncia\" width=\"1500\" height=\"844\" src=\"https:\/\/www.youtube.com\/embed\/OjgLb0O--p4?feature=oembed&autoplay=0&loop=0&controls=1&mute=0\" frameborder=\"0\" allow=\"accelerometer; autoplay; clipboard-write; encrypted-media; gyroscope; picture-in-picture; web-share\" referrerpolicy=\"strict-origin-when-cross-origin\" allowfullscreen><\/iframe><\/div><\/script><div class='av-click-to-play-overlay'><div class=\"avia_playpause_icon\"><\/div><\/div><\/div>\n","protected":false},"excerpt":{"rendered":"<p>Como desenvolver o h\u00e1bito da leitura entre os jovens pode auxiliar na linguagem, imagina\u00e7\u00e3o e no desenvolvimento de habilidades essenciais para a forma\u00e7\u00e3o humana.<\/p>\n","protected":false},"author":1,"featured_media":710,"comment_status":"open","ping_status":"open","sticky":false,"template":"","format":"standard","meta":{"footnotes":""},"categories":[1],"tags":[],"class_list":["post-709","post","type-post","status-publish","format-standard","has-post-thumbnail","hentry","category-noticiais"],"_links":{"self":[{"href":"https:\/\/radiofuturafm.com.br\/index.php\/wp-json\/wp\/v2\/posts\/709","targetHints":{"allow":["GET"]}}],"collection":[{"href":"https:\/\/radiofuturafm.com.br\/index.php\/wp-json\/wp\/v2\/posts"}],"about":[{"href":"https:\/\/radiofuturafm.com.br\/index.php\/wp-json\/wp\/v2\/types\/post"}],"author":[{"embeddable":true,"href":"https:\/\/radiofuturafm.com.br\/index.php\/wp-json\/wp\/v2\/users\/1"}],"replies":[{"embeddable":true,"href":"https:\/\/radiofuturafm.com.br\/index.php\/wp-json\/wp\/v2\/comments?post=709"}],"version-history":[{"count":2,"href":"https:\/\/radiofuturafm.com.br\/index.php\/wp-json\/wp\/v2\/posts\/709\/revisions"}],"predecessor-version":[{"id":712,"href":"https:\/\/radiofuturafm.com.br\/index.php\/wp-json\/wp\/v2\/posts\/709\/revisions\/712"}],"wp:featuredmedia":[{"embeddable":true,"href":"https:\/\/radiofuturafm.com.br\/index.php\/wp-json\/wp\/v2\/media\/710"}],"wp:attachment":[{"href":"https:\/\/radiofuturafm.com.br\/index.php\/wp-json\/wp\/v2\/media?parent=709"}],"wp:term":[{"taxonomy":"category","embeddable":true,"href":"https:\/\/radiofuturafm.com.br\/index.php\/wp-json\/wp\/v2\/categories?post=709"},{"taxonomy":"post_tag","embeddable":true,"href":"https:\/\/radiofuturafm.com.br\/index.php\/wp-json\/wp\/v2\/tags?post=709"}],"curies":[{"name":"wp","href":"https:\/\/api.w.org\/{rel}","templated":true}]}}