{"id":512,"date":"2025-03-16T00:00:06","date_gmt":"2025-03-16T00:00:06","guid":{"rendered":"https:\/\/radiofuturafm.com.br\/?p=512"},"modified":"2025-03-16T00:01:21","modified_gmt":"2025-03-16T00:01:21","slug":"vereador-critica-projeto-de-desestatizacao-da-prefeitura-de-sao-paulo","status":"publish","type":"post","link":"https:\/\/radiofuturafm.com.br\/index.php\/2025\/03\/16\/vereador-critica-projeto-de-desestatizacao-da-prefeitura-de-sao-paulo\/","title":{"rendered":"Vereador critica projeto de desestatiza\u00e7\u00e3o da prefeitura de S\u00e3o Paulo"},"content":{"rendered":"<div  class='flex_column av-kbktc-6a0c157e560626d492d8b2a11f8c7437 av_one_full  avia-builder-el-0  el_before_av_hr  avia-builder-el-first  first flex_column_div  '     ><p>\n<style type=\"text\/css\" data-created_by=\"avia_inline_auto\" id=\"style-css-av-m8av4xr3-3e459318d40cc9f0aec3629dbaaac69a\">\n#top .av-special-heading.av-m8av4xr3-3e459318d40cc9f0aec3629dbaaac69a{\npadding-bottom:10px;\n}\nbody .av-special-heading.av-m8av4xr3-3e459318d40cc9f0aec3629dbaaac69a .av-special-heading-tag .heading-char{\nfont-size:25px;\n}\n.av-special-heading.av-m8av4xr3-3e459318d40cc9f0aec3629dbaaac69a .av-subheading{\nfont-size:15px;\n}\n<\/style>\n<div  class='av-special-heading av-m8av4xr3-3e459318d40cc9f0aec3629dbaaac69a av-special-heading-h2  avia-builder-el-1  el_before_av_hr  avia-builder-el-first '><h2 class='av-special-heading-tag'  itemprop=\"headline\"  >Vereador critica projeto de desestatiza\u00e7\u00e3o da prefeitura de S\u00e3o Paulo<\/h2><div class=\"special-heading-border\"><div class=\"special-heading-inner-border\"><\/div><\/div><\/div><br \/>\n\n<style type=\"text\/css\" data-created_by=\"avia_inline_auto\" id=\"style-css-av-fk728-4a93e0443b22864b838df649964a722b\">\n#top .hr.hr-invisible.av-fk728-4a93e0443b22864b838df649964a722b{\nheight:30px;\n}\n<\/style>\n<div  class='hr av-fk728-4a93e0443b22864b838df649964a722b hr-invisible  avia-builder-el-2  el_after_av_heading  el_before_av_textblock '><span class='hr-inner '><span class=\"hr-inner-style\"><\/span><\/span><\/div><br \/>\n<section  class='av_textblock_section av-m8avbz3i-1f0a8d8bbd934239dea651836aaa7c42 '   itemscope=\"itemscope\" itemtype=\"https:\/\/schema.org\/BlogPosting\" itemprop=\"blogPost\" ><div class='avia_textblock'  itemprop=\"text\" ><p class=\"p1\">A C\u00e2mara Municipal de S\u00e3o Paulo aprovou em dezembro de 2024 o PL 827\/2024 de autoria da prefeitura de S\u00e3o Paulo que aumenta o plano de desestatiza\u00e7\u00e3o em todas as \u00e1reas da cidade.<\/p>\n<p class=\"p1\">O vereador Alessandro Guedes (PT) votou contra o projeto e critica as privatiza\u00e7\u00f5es feitas at\u00e9 o momento na cidade como os cemit\u00e9rios municipais, Sabesp, Enel e CPTM.<span class=\"Apple-converted-space\">\u00a0<\/span><\/p>\n<p class=\"p1\">\u201cO PL de fato que come\u00e7a a terceirizar, em um volume cada vez maior, a obriga\u00e7\u00e3o que \u00e9 do estado, da prefeitura de fazer. Daqui a pouco a gente n\u00e3o precisa mais do prefeito, teremos que contratar um administrador, porque da forma e velocidade que est\u00e1 indo, s\u00f3 vai prejudicar a nossa cidade e popula\u00e7\u00e3o, principalmente pela falta de di\u00e1logo\u201d, afirma o vereador.<\/p>\n<p class=\"p1\">Segundo ele um projeto deste tipo tem que ser debatido ao extremo para que os vereadores e a popula\u00e7\u00e3o possam tirar todas as d\u00favidas.<span class=\"Apple-converted-space\">\u00a0<\/span><\/p>\n<p class=\"p1\">\u201cO projeto diz que vai ser privatizadas as ciclovias, como seria um processo de privatiza\u00e7\u00e3o de ciclovias, as empresas utilizariam o espa\u00e7o apenas para propaganda e n\u00e3o vai cobrar nada de ningu\u00e9m, ou vai ter algum tipo de cobran\u00e7a? N\u00f3s n\u00e3o sabemos porque o projeto vem de uma maneira rel\u00e2mpago para passar. Outra quest\u00e3o s\u00e3o os Centro Esportivos, o que \u00e9 exatamente, \u00e9 aquele que \u00e9 nomeado um administrador regional, um administrador local para administrar aquele equipamento? Ou estamos falando tamb\u00e9m de Clubes Desportivos da Comunidade, chamados CDCs\u201d, aponta Alessandro Guedes.<\/p>\n<p class=\"p1\">O vereador tamb\u00e9m questiona que o projeto cita privatiza\u00e7\u00e3o de espa\u00e7os p\u00fablicos como o do Iate Clube, mas n\u00e3o explica como ser\u00e1 este tipo de privatiza\u00e7\u00e3o. J\u00e1 que, de acordo com ele, as \u00faltimas privatiza\u00e7\u00f5es feitas na cidade n\u00e3o t\u00eam dado certo.<span class=\"Apple-converted-space\">\u00a0<\/span><\/p>\n<p>&#8211;<\/p>\n<p class=\"p1\">A Central de Not\u00edcias da R\u00e1dio Futura \u00e9 uma iniciativa do Projeto \u201cPersonalidade de Figuras Brasileiras\u201d. Este projeto foi realizado com o apoio da 8\u00aa Edi\u00e7\u00e3o do Programa Municipal de Fomento ao Servi\u00e7o de Radiodifus\u00e3o Comunit\u00e1ria Para a Cidade de S\u00e3o Paulo.<\/p>\n<p class=\"p1\">Os conte\u00fados ditos pelos entrevistados n\u00e3o refletem a opini\u00e3o da emissora.<\/p>\n<\/div><\/section><\/p><\/div>\n<style type=\"text\/css\" data-created_by=\"avia_inline_auto\" id=\"style-css-av-av_hr-af89a52d51412774536fa272e468f7cd\">\n#top .hr.hr-invisible.av-av_hr-af89a52d51412774536fa272e468f7cd{\nheight:30px;\n}\n<\/style>\n<div  class='hr av-av_hr-af89a52d51412774536fa272e468f7cd hr-invisible  avia-builder-el-4  el_after_av_one_full  el_before_av_heading '><span class='hr-inner '><span class=\"hr-inner-style\"><\/span><\/span><\/div><\/p>\n\n<style type=\"text\/css\" data-created_by=\"avia_inline_auto\" id=\"style-css-av-m8av5m2n-0db42077f148d5101bce384104353348\">\n#top .av-special-heading.av-m8av5m2n-0db42077f148d5101bce384104353348{\npadding-bottom:10px;\n}\nbody .av-special-heading.av-m8av5m2n-0db42077f148d5101bce384104353348 .av-special-heading-tag .heading-char{\nfont-size:25px;\n}\n.av-special-heading.av-m8av5m2n-0db42077f148d5101bce384104353348 .av-subheading{\nfont-size:15px;\n}\n<\/style>\n<div  class='av-special-heading av-m8av5m2n-0db42077f148d5101bce384104353348 av-special-heading-h3 blockquote modern-quote  avia-builder-el-5  el_after_av_hr  el_before_av_hr '><h3 class='av-special-heading-tag'  itemprop=\"headline\"  >V\u00eddeo: Vereador critica projeto de desestatiza\u00e7\u00e3o da prefeitura de S\u00e3o Paulo<\/h3><div class=\"special-heading-border\"><div class=\"special-heading-inner-border\"><\/div><\/div><\/div>\n\n<style type=\"text\/css\" data-created_by=\"avia_inline_auto\" id=\"style-css-av-av_hr-af89a52d51412774536fa272e468f7cd\">\n#top .hr.hr-invisible.av-av_hr-af89a52d51412774536fa272e468f7cd{\nheight:30px;\n}\n<\/style>\n<div  class='hr av-av_hr-af89a52d51412774536fa272e468f7cd hr-invisible  avia-builder-el-6  el_after_av_heading  el_before_av_video '><span class='hr-inner '><span class=\"hr-inner-style\"><\/span><\/span><\/div>\n\n<style type=\"text\/css\" data-created_by=\"avia_inline_auto\" id=\"style-css-av-m8avb0kn-a1ffd41e0864fe2e6ffd23ca5c17efc5\">\n.avia-video.av-m8avb0kn-a1ffd41e0864fe2e6ffd23ca5c17efc5{\nbackground-image:url(https:\/\/radiofuturafm.com.br\/wp-content\/uploads\/2025\/03\/Vereador-critica-projeto-de-desestatizacao-da-prefeitura-de-Sao-Paulo-300x166.png);\n}\n<\/style>\n<div  class='avia-video av-m8avb0kn-a1ffd41e0864fe2e6ffd23ca5c17efc5 avia-video-16-9 av-preview-image avia-video-load-always avia-video-html5'  itemprop=\"video\" itemtype=\"https:\/\/schema.org\/VideoObject\"  data-original_url='https:\/\/radiofuturafm.com.br\/wp-content\/uploads\/2025\/03\/16-PRIVATIZAC\u0327A\u0303O-1.mp4'><video class='avia_video' poster=\"https:\/\/radiofuturafm.com.br\/wp-content\/uploads\/2025\/03\/Vereador-critica-projeto-de-desestatizacao-da-prefeitura-de-Sao-Paulo-300x166.png\"   preload=\"auto\"  controls id='player_512_1453231904_1605002428'><source src='https:\/\/radiofuturafm.com.br\/wp-content\/uploads\/2025\/03\/16-PRIVATIZAC\u0327A\u0303O-1.mp4' type='video\/mp4' \/><\/video><\/div>\n\n<style type=\"text\/css\" data-created_by=\"avia_inline_auto\" id=\"style-css-av-av_hr-af89a52d51412774536fa272e468f7cd\">\n#top .hr.hr-invisible.av-av_hr-af89a52d51412774536fa272e468f7cd{\nheight:30px;\n}\n<\/style>\n<div  class='hr av-av_hr-af89a52d51412774536fa272e468f7cd hr-invisible  avia-builder-el-8  el_after_av_video  el_before_av_heading '><span class='hr-inner '><span class=\"hr-inner-style\"><\/span><\/span><\/div>\n\n<style type=\"text\/css\" data-created_by=\"avia_inline_auto\" id=\"style-css-av-m8av6eva-102be91191d9b896bccc986569a66d4b\">\n#top .av-special-heading.av-m8av6eva-102be91191d9b896bccc986569a66d4b{\npadding-bottom:10px;\n}\nbody .av-special-heading.av-m8av6eva-102be91191d9b896bccc986569a66d4b .av-special-heading-tag .heading-char{\nfont-size:25px;\n}\n.av-special-heading.av-m8av6eva-102be91191d9b896bccc986569a66d4b .av-subheading{\nfont-size:15px;\n}\n<\/style>\n<div  class='av-special-heading av-m8av6eva-102be91191d9b896bccc986569a66d4b av-special-heading-h3 blockquote modern-quote  avia-builder-el-9  el_after_av_hr  el_before_av_hr '><h3 class='av-special-heading-tag'  itemprop=\"headline\"  >Ou\u00e7a a not\u00edcia: Vereador critica projeto de desestatiza\u00e7\u00e3o da prefeitura de S\u00e3o Paulo<\/h3><div class=\"special-heading-border\"><div class=\"special-heading-inner-border\"><\/div><\/div><\/div>\n\n<style type=\"text\/css\" data-created_by=\"avia_inline_auto\" id=\"style-css-av-av_hr-af89a52d51412774536fa272e468f7cd\">\n#top .hr.hr-invisible.av-av_hr-af89a52d51412774536fa272e468f7cd{\nheight:30px;\n}\n<\/style>\n<div  class='hr av-av_hr-af89a52d51412774536fa272e468f7cd hr-invisible  avia-builder-el-10  el_after_av_heading  el_before_av_player '><span class='hr-inner '><span class=\"hr-inner-style\"><\/span><\/span><\/div>\n<div id=\"av_player-1\" class=\"av-player av-player-container av-m8av7qi8-6ce9404d7c5bda0ef8c362cf5db4516c avia-playerstyle-classic av_player-1  avia-builder-el-11  el_after_av_hr  avia-builder-el-last  first avia-playlist-hide-cover\"><div class=\"av-player-player-container\"><div class=\"wp-playlist wp-audio-playlist wp-playlist-light\">\n\t\t\t<div class=\"wp-playlist-current-item\"><\/div>\n\t\t<audio controls=\"controls\" preload=\"none\" width=\"1478\"\n\t\t\t><\/audio>\n\t<div class=\"wp-playlist-next\"><\/div>\n\t<div class=\"wp-playlist-prev\"><\/div>\n\t<noscript>\n\t<ol>\n\t\t<li><a href='https:\/\/radiofuturafm.com.br\/wp-content\/uploads\/2025\/03\/16-PRIVATIZAC\u0327A\u0303O.mp3'>16 - PRIVATIZAC\u0327A\u0303O<\/a><\/li>\t<\/ol>\n\t<\/noscript>\n\t<script type=\"application\/json\" class=\"wp-playlist-script\">{\"type\":\"audio\",\"tracklist\":true,\"tracknumbers\":true,\"images\":true,\"artists\":true,\"tracks\":[{\"src\":\"https:\/\/radiofuturafm.com.br\/wp-content\/uploads\/2025\/03\/16-PRIVATIZAC\\u0327A\\u0303O.mp3\",\"type\":\"audio\/mpeg\",\"title\":\"16 - PRIVATIZAC\\u0327A\\u0303O\",\"caption\":\"\",\"description\":\"\\\"16 - PRIVATIZAC\\u0327A\\u0303O\\\".\",\"meta\":{\"length_formatted\":\"2:20\"},\"image\":{\"src\":\"https:\/\/radiofuturafm.com.br\/wp-includes\/images\/media\/audio.svg\",\"width\":48,\"height\":64},\"thumb\":{\"src\":\"https:\/\/radiofuturafm.com.br\/wp-includes\/images\/media\/audio.svg\",\"width\":48,\"height\":64}}]}<\/script>\n<\/div>\n\t<\/div><\/div>\n","protected":false},"excerpt":{"rendered":"<p>A C\u00e2mara Municipal de S\u00e3o Paulo aprovou em dezembro de 2024 o PL 827\/2024 de autoria da prefeitura de S\u00e3o Paulo que aumenta o plano de desestatiza\u00e7\u00e3o em todas as \u00e1reas da cidade.<\/p>\n","protected":false},"author":1,"featured_media":515,"comment_status":"open","ping_status":"open","sticky":false,"template":"","format":"standard","meta":{"footnotes":""},"categories":[1],"tags":[],"class_list":["post-512","post","type-post","status-publish","format-standard","has-post-thumbnail","hentry","category-noticiais"],"_links":{"self":[{"href":"https:\/\/radiofuturafm.com.br\/index.php\/wp-json\/wp\/v2\/posts\/512","targetHints":{"allow":["GET"]}}],"collection":[{"href":"https:\/\/radiofuturafm.com.br\/index.php\/wp-json\/wp\/v2\/posts"}],"about":[{"href":"https:\/\/radiofuturafm.com.br\/index.php\/wp-json\/wp\/v2\/types\/post"}],"author":[{"embeddable":true,"href":"https:\/\/radiofuturafm.com.br\/index.php\/wp-json\/wp\/v2\/users\/1"}],"replies":[{"embeddable":true,"href":"https:\/\/radiofuturafm.com.br\/index.php\/wp-json\/wp\/v2\/comments?post=512"}],"version-history":[{"count":3,"href":"https:\/\/radiofuturafm.com.br\/index.php\/wp-json\/wp\/v2\/posts\/512\/revisions"}],"predecessor-version":[{"id":518,"href":"https:\/\/radiofuturafm.com.br\/index.php\/wp-json\/wp\/v2\/posts\/512\/revisions\/518"}],"wp:featuredmedia":[{"embeddable":true,"href":"https:\/\/radiofuturafm.com.br\/index.php\/wp-json\/wp\/v2\/media\/515"}],"wp:attachment":[{"href":"https:\/\/radiofuturafm.com.br\/index.php\/wp-json\/wp\/v2\/media?parent=512"}],"wp:term":[{"taxonomy":"category","embeddable":true,"href":"https:\/\/radiofuturafm.com.br\/index.php\/wp-json\/wp\/v2\/categories?post=512"},{"taxonomy":"post_tag","embeddable":true,"href":"https:\/\/radiofuturafm.com.br\/index.php\/wp-json\/wp\/v2\/tags?post=512"}],"curies":[{"name":"wp","href":"https:\/\/api.w.org\/{rel}","templated":true}]}}