{"id":414,"date":"2025-01-17T15:10:13","date_gmt":"2025-01-17T15:10:13","guid":{"rendered":"https:\/\/radiofuturafm.com.br\/?p=414"},"modified":"2025-01-24T16:27:27","modified_gmt":"2025-01-24T16:27:27","slug":"recreio-nas-ferias-mantem-vagas-abertas-ate-dia-24-de-janeiro","status":"publish","type":"post","link":"https:\/\/radiofuturafm.com.br\/index.php\/2025\/01\/17\/recreio-nas-ferias-mantem-vagas-abertas-ate-dia-24-de-janeiro\/","title":{"rendered":"Recreio nas F\u00e9rias mant\u00e9m vagas abertas at\u00e9 dia 24 de janeiro"},"content":{"rendered":"<div  class='flex_column av-r5cqe-214e39c29dc5f2fe069ef3f8569dfb9f av_one_full  avia-builder-el-0  el_before_av_player  avia-builder-el-first  first flex_column_div  '     ><p>\n<style type=\"text\/css\" data-created_by=\"avia_inline_auto\" id=\"style-css-av-m60w9j0a-d1f7d925dca52b86d0863307d8a97057\">\n#top .av-special-heading.av-m60w9j0a-d1f7d925dca52b86d0863307d8a97057{\npadding-bottom:10px;\n}\nbody .av-special-heading.av-m60w9j0a-d1f7d925dca52b86d0863307d8a97057 .av-special-heading-tag .heading-char{\nfont-size:25px;\n}\n.av-special-heading.av-m60w9j0a-d1f7d925dca52b86d0863307d8a97057 .av-subheading{\nfont-size:15px;\n}\n<\/style>\n<div  class='av-special-heading av-m60w9j0a-d1f7d925dca52b86d0863307d8a97057 av-special-heading-h2 blockquote modern-quote  avia-builder-el-1  el_before_av_textblock  avia-builder-el-first '><h2 class='av-special-heading-tag'  itemprop=\"headline\"  >Recreio nas F\u00e9rias mant\u00e9m vagas abertas at\u00e9 dia 24 de janeiro<\/h2><div class=\"special-heading-border\"><div class=\"special-heading-inner-border\"><\/div><\/div><\/div><br \/>\n<section  class='av_textblock_section av-m60wa3yt-d2bd132677229e042aa0b9acdd974a36 '   itemscope=\"itemscope\" itemtype=\"https:\/\/schema.org\/BlogPosting\" itemprop=\"blogPost\" ><div class='avia_textblock'  itemprop=\"text\" ><p class=\"p1\">O Programa Recreio nas F\u00e9rias da prefeitura de S\u00e3o Paulo est\u00e1 sendo realizado em 130 polos distribu\u00eddos em todas regi\u00f5es da cidade. A ideia \u00e9 ter um espa\u00e7o de conviv\u00eancia, lazer, esporte, cultura e passeio para crian\u00e7as e adolescentes de 0 at\u00e9 14 anos que est\u00e3o de f\u00e9rias, mas os pais n\u00e3o t\u00eam onde deix\u00e1-los neste per\u00edodo.<span class=\"Apple-converted-space\">\u00a0<\/span><\/p>\n<p class=\"p1\">A\u00e7\u00e3o \u00e9 realizada at\u00e9 24 de janeiro e at\u00e9 esta data o programa manter\u00e1 as vagas abertas. O prefeito Ricardo Nunes participou da primeira edi\u00e7\u00e3o 2025 do Recreio nas F\u00e9rias no dia 6 de janeiro, em evento no CEU Feiti\u00e7o da Vila, na regi\u00e3o do Cap\u00e3o Redondo, Zona Sul.<span class=\"Apple-converted-space\">\u00a0<\/span><\/p>\n<p class=\"p1\">Durante seu pronunciamento no evento, ele anunciou que as inscri\u00e7\u00f5es podem ser feitas a qualquer momento.<span class=\"Apple-converted-space\">\u00a0 <\/span>O programa conta com 48,8 mil participantes atualmente.<\/p>\n<p class=\"p1\">\u201cAs inscri\u00e7\u00f5es ficam abertas para poder atender a todas as crian\u00e7as que queiram vir para aproveitar as atividades. Tem muitas crian\u00e7as que a mam\u00e3e est\u00e1 trabalhando, n\u00e3o tem como fazer sua alimenta\u00e7\u00e3o ou que n\u00e3o tem com quem ficar. Ent\u00e3o, aqui, mesmo no per\u00edodo de f\u00e9rias, essas crian\u00e7as podem vir para os nossos polos\u201d, disse o prefeito Ricardo Nunes, lembrando que o programa \u00e9 aberto a crian\u00e7as de toda a rede de ensino, municipal ou n\u00e3o. \u201c\u00c9 s\u00f3 chegar aqui e fazer a inscri\u00e7\u00e3o, que \u00e9 feita s\u00f3 para a gente fazer um controle das crian\u00e7as que est\u00e3o aqui, com a quest\u00e3o da responsabilidade da Prefeitura com rela\u00e7\u00e3o a elas.\u201d <span class=\"Apple-converted-space\">\u00a0<\/span><\/p>\n<p class=\"p1\">A a\u00e7\u00e3o \u00e9 realizada at\u00e9 24 de janeiro em 130 polos em toda a cidade, para beb\u00eas, crian\u00e7as e jovens de 0 a 14 anos.<span class=\"Apple-converted-space\">\u00a0 <\/span>Os interessados precisam levar o RG do respons\u00e1vel e o RG ou certid\u00e3o do participante e comprovante de endere\u00e7o at\u00e9 as unidades que est\u00e3o realizando o programa.<span class=\"Apple-converted-space\">\u00a0<\/span><\/p>\n<p class=\"p1\">As atividades do Recreio nas F\u00e9rias acontecem das 9h \u00e0s 16h para as crian\u00e7as a partir de 4 anos. No cronograma est\u00e3o previstas tr\u00eas refei\u00e7\u00f5es di\u00e1rias: caf\u00e9 da manh\u00e3, almo\u00e7o e lanche da tarde. J\u00e1 nas creches polos, o atendimento permanecer\u00e1 em seu per\u00edodo integral, das 7h \u00e0s 17h, e ser\u00e3o cinco refei\u00e7\u00f5es. De acordo com a prefeitura s\u00e3o 130 polos participantes sendo 58 CEUs, 1 EMEF e 3 Centros de Educa\u00e7\u00e3o e Cultura Ind\u00edgena (CECIs). Os beb\u00eas de at\u00e9 3 anos ser\u00e3o atendidos em 68 Centros de Educa\u00e7\u00e3o Infantil (CEIs). <span class=\"Apple-converted-space\">\u00a0 \u00a0<\/span><\/p>\n<p class=\"p1\">A Central de Not\u00edcias da R\u00e1dio Futura \u00e9 uma iniciativa do Projeto \u201cPersonalidade de Figuras Brasileiras\u201d. Este projeto foi realizado com o apoio da 8\u00aa Edi\u00e7\u00e3o do Programa Municipal de Fomento ao Servi\u00e7o de Radiodifus\u00e3o Comunit\u00e1ria Para a Cidade de S\u00e3o Paulo.<\/p>\n<\/div><\/section><\/p><\/div><div id=\"av_player-1\" class=\"av-player av-player-container av-m60wbb6v-8c6a9ca922878cc985767e90bf3ce51b avia-playerstyle-classic av_player-1  avia-builder-el-3  el_after_av_one_full  el_before_av_video  first avia-playlist-hide-cover\"><div class=\"av-player-player-container\"><div class=\"wp-playlist wp-audio-playlist wp-playlist-light\">\n\t\t\t<div class=\"wp-playlist-current-item\"><\/div>\n\t\t<audio controls=\"controls\" preload=\"none\" width=\"1478\"\n\t\t\t><\/audio>\n\t<div class=\"wp-playlist-next\"><\/div>\n\t<div class=\"wp-playlist-prev\"><\/div>\n\t<noscript>\n\t<ol>\n\t\t<li><a href='https:\/\/radiofuturafm.com.br\/wp-content\/uploads\/2025\/01\/8-RECREIO-NAS-FE\u0301RIAS.mp3'>8- RECREIO NAS FE\u0301RIAS<\/a><\/li>\t<\/ol>\n\t<\/noscript>\n\t<script type=\"application\/json\" class=\"wp-playlist-script\">{\"type\":\"audio\",\"tracklist\":true,\"tracknumbers\":true,\"images\":true,\"artists\":true,\"tracks\":[{\"src\":\"https:\/\/radiofuturafm.com.br\/wp-content\/uploads\/2025\/01\/8-RECREIO-NAS-FE\\u0301RIAS.mp3\",\"type\":\"audio\/mpeg\",\"title\":\"8- RECREIO NAS FE\\u0301RIAS\",\"caption\":\"\",\"description\":\"\\\"8- RECREIO NAS FE\\u0301RIAS\\\".\",\"meta\":{\"length_formatted\":\"2:21\"},\"image\":{\"src\":\"https:\/\/radiofuturafm.com.br\/wp-includes\/images\/media\/audio.svg\",\"width\":48,\"height\":64},\"thumb\":{\"src\":\"https:\/\/radiofuturafm.com.br\/wp-includes\/images\/media\/audio.svg\",\"width\":48,\"height\":64}}]}<\/script>\n<\/div>\n\t<\/div><\/div><\/p>\n\n<style type=\"text\/css\" data-created_by=\"avia_inline_auto\" id=\"style-css-av-9bsa6-00a34a3f64f9a4e2f99982bd8c3abde6\">\n.avia-video.av-9bsa6-00a34a3f64f9a4e2f99982bd8c3abde6{\nbackground-image:url(https:\/\/radiofuturafm.com.br\/wp-content\/uploads\/2025\/01\/Recreio-nas-Fe\u0301rias-mante\u0301m-vagas-abertas-ate\u0301-dia-24-de-janeiro-300x169.png);\n}\n<\/style>\n<div  class='avia-video av-9bsa6-00a34a3f64f9a4e2f99982bd8c3abde6 avia-video-16-9 av-preview-image avia-video-load-always avia-video-html5'  itemprop=\"video\" itemtype=\"https:\/\/schema.org\/VideoObject\"  data-original_url='https:\/\/radiofuturafm.com.br\/wp-content\/uploads\/2025\/01\/8-RECREIO-NAS-FE\u0301RIASSS-1.mp4'><video class='avia_video' poster=\"https:\/\/radiofuturafm.com.br\/wp-content\/uploads\/2025\/01\/Recreio-nas-Fe\u0301rias-mante\u0301m-vagas-abertas-ate\u0301-dia-24-de-janeiro-300x169.png\"   preload=\"auto\"  controls id='player_414_1541358538_58881116'><source src='https:\/\/radiofuturafm.com.br\/wp-content\/uploads\/2025\/01\/8-RECREIO-NAS-FE\u0301RIASSS-1.mp4' type='video\/mp4' \/><\/video><\/div>\n","protected":false},"excerpt":{"rendered":"<p>O Programa Recreio nas F\u00e9rias da prefeitura de S\u00e3o Paulo est\u00e1 sendo realizado em 130 polos distribu\u00eddos em todas regi\u00f5es da cidade. <\/p>\n","protected":false},"author":1,"featured_media":417,"comment_status":"open","ping_status":"open","sticky":false,"template":"","format":"standard","meta":{"footnotes":""},"categories":[1],"tags":[],"class_list":["post-414","post","type-post","status-publish","format-standard","has-post-thumbnail","hentry","category-noticiais"],"_links":{"self":[{"href":"https:\/\/radiofuturafm.com.br\/index.php\/wp-json\/wp\/v2\/posts\/414","targetHints":{"allow":["GET"]}}],"collection":[{"href":"https:\/\/radiofuturafm.com.br\/index.php\/wp-json\/wp\/v2\/posts"}],"about":[{"href":"https:\/\/radiofuturafm.com.br\/index.php\/wp-json\/wp\/v2\/types\/post"}],"author":[{"embeddable":true,"href":"https:\/\/radiofuturafm.com.br\/index.php\/wp-json\/wp\/v2\/users\/1"}],"replies":[{"embeddable":true,"href":"https:\/\/radiofuturafm.com.br\/index.php\/wp-json\/wp\/v2\/comments?post=414"}],"version-history":[{"count":5,"href":"https:\/\/radiofuturafm.com.br\/index.php\/wp-json\/wp\/v2\/posts\/414\/revisions"}],"predecessor-version":[{"id":428,"href":"https:\/\/radiofuturafm.com.br\/index.php\/wp-json\/wp\/v2\/posts\/414\/revisions\/428"}],"wp:featuredmedia":[{"embeddable":true,"href":"https:\/\/radiofuturafm.com.br\/index.php\/wp-json\/wp\/v2\/media\/417"}],"wp:attachment":[{"href":"https:\/\/radiofuturafm.com.br\/index.php\/wp-json\/wp\/v2\/media?parent=414"}],"wp:term":[{"taxonomy":"category","embeddable":true,"href":"https:\/\/radiofuturafm.com.br\/index.php\/wp-json\/wp\/v2\/categories?post=414"},{"taxonomy":"post_tag","embeddable":true,"href":"https:\/\/radiofuturafm.com.br\/index.php\/wp-json\/wp\/v2\/tags?post=414"}],"curies":[{"name":"wp","href":"https:\/\/api.w.org\/{rel}","templated":true}]}}