{"id":359,"date":"2024-08-02T01:16:38","date_gmt":"2024-08-02T01:16:38","guid":{"rendered":"https:\/\/radiofuturafm.com.br\/?p=359"},"modified":"2024-08-02T01:16:38","modified_gmt":"2024-08-02T01:16:38","slug":"pessoas-em-vulnerabilidade-celebram-formatura-com-discursos-inspiradores","status":"publish","type":"post","link":"https:\/\/radiofuturafm.com.br\/index.php\/2024\/08\/02\/pessoas-em-vulnerabilidade-celebram-formatura-com-discursos-inspiradores\/","title":{"rendered":"Pessoas em vulnerabilidade celebram formatura com discursos Inspiradores"},"content":{"rendered":"<div  class='flex_column av-av_one_full-dfffed1c4949eead95ef84c3cc332849 av_one_full  avia-builder-el-0  el_before_av_player  avia-builder-el-first  first flex_column_div  '     ><p>\n<style type=\"text\/css\" data-created_by=\"avia_inline_auto\" id=\"style-css-av-lzc0hnzt-81174bd0e4232476880ed6eff6815f3a\">\n#top .av-special-heading.av-lzc0hnzt-81174bd0e4232476880ed6eff6815f3a{\npadding-bottom:10px;\n}\nbody .av-special-heading.av-lzc0hnzt-81174bd0e4232476880ed6eff6815f3a .av-special-heading-tag .heading-char{\nfont-size:25px;\n}\n.av-special-heading.av-lzc0hnzt-81174bd0e4232476880ed6eff6815f3a .av-subheading{\nfont-size:15px;\n}\n<\/style>\n<div  class='av-special-heading av-lzc0hnzt-81174bd0e4232476880ed6eff6815f3a av-special-heading-h3  avia-builder-el-1  el_before_av_hr  avia-builder-el-first '><h3 class='av-special-heading-tag'  itemprop=\"headline\"  >Pessoas em vulnerabilidade celebram formatura com discursos Inspiradores <\/h3><div class=\"special-heading-border\"><div class=\"special-heading-inner-border\"><\/div><\/div><\/div><br \/>\n<div  class='hr av-av_hr-91d7ccd583a503147498e120fee2ff9b hr-default  avia-builder-el-2  el_after_av_heading  el_before_av_textblock '><span class='hr-inner '><span class=\"hr-inner-style\"><\/span><\/span><\/div><br \/>\n<section  class='av_textblock_section av-lzc0j497-1c0192983a3cf06efba7fc39c67a6b49 '   itemscope=\"itemscope\" itemtype=\"https:\/\/schema.org\/BlogPosting\" itemprop=\"blogPost\" ><div class='avia_textblock'  itemprop=\"text\" ><h4>A primeira turma do curso de panifica\u00e7\u00e3o durou quatro meses e profissionalizou 22 pessoas<\/h4>\n<p><em>\u00a0<\/em><\/p>\n<p><em>Por Romulo Bonfim <\/em><\/p>\n<p><em>\u00a0<\/em><\/p>\n<p>Discursos fortes e repletos de emo\u00e7\u00e3o marcaram a cerim\u00f4nia de formatura da primeira turma do curso de panifica\u00e7\u00e3o e confeitaria, do Instituto de Pesquisa da Cozinha Brasileira (IPCB). O evento aconteceu na sexta-feira, 26 de julho, em S\u00e3o Paulo.<\/p>\n<p>Os novos profissionais, na grande maioria pessoas em situa\u00e7\u00e3o de vulnerabilidade social, durante quatro meses, cumpriram \u00e0s 400 horas necess\u00e1rias que os habilitaram para a nova profiss\u00e3o.<\/p>\n<p>A formanda Sara Lima, faz parte da primeira turma do curso. Para ela, \u00e9 uma grande emo\u00e7\u00e3o finalizar esse ciclo e declara que j\u00e1 possui planos, quer fazer faculdade de gastronomia.<\/p>\n<p>\u201cJ\u00e1 pensei em fazer nutri\u00e7\u00e3o, mas acabei desanimando. Com a oportunidade de fazer esse curso, gostei muito da gastronomia e estou pensando em fazer a faculdade\u201d, conta Sara.<\/p>\n<p>A iniciativa teve o apoio da Secretaria Municipal de Trabalho e Empreendedorismo e de empresas privadas, que disponibilizaram recursos financeiros para a contrata\u00e7\u00e3o de profissionais, aquisi\u00e7\u00e3o de insumos e aux\u00edlios econ\u00f4micos aos alunos.<\/p>\n<p>A DJ Beatrice Oliveira, aprovada para ingressar na pr\u00f3xima turma, conta que est\u00e1 preparada para aprender mais sobre panifica\u00e7\u00e3o e afirma que deseja conciliar as duas profiss\u00f5es.<\/p>\n<p>\u201cSou DJ e ainda vou ter outro of\u00edcio que tamb\u00e9m trabalha com as m\u00e3os. Acho que s\u00e3o duas coisas que casam bem e dentro do poss\u00edvel, quero trabalhar com os dois\u201d, comenta a Beatrice.<\/p>\n<h5><strong>Apoio para trabalhar <\/strong><\/h5>\n<p>A parceria do IPCB com a Secretaria Municipal do Trabalho dever\u00e1 encaminhar os formandos as poss\u00edveis vagas de emprego, atrav\u00e9s do CATE (Centro de Apoio ao Trabalho e Empreendedorismo), que intermediar\u00e1 as contrata\u00e7\u00f5es.<\/p>\n<p>O Secret\u00e1rio Adjunto do Trabalho e Empreendedorismo, Armando J\u00fanior, afirma que o mercado de panifica\u00e7\u00e3o est\u00e1 em constante busca por profissionais qualificados, sendo uma das \u00e1reas que mais contrata na cidade. \u201cAssim que finalizam o curso a gente conecta elas ao CATE. As empresas que t\u00eam vaga nesse setor, pega as pessoas qualificadas para fazer a entrevista de emprego\u201d, afirma o secret\u00e1rio.<\/p>\n<p>A Central de Not\u00edcias da R\u00e1dio Futura &#8211; Parelheiros \u00e9 uma iniciativa do Projeto \u201cMitos Gregos e a Psicologia\u201d.\u00a0 Este projeto foi realizado com o apoio da 7\u00aa Edi\u00e7\u00e3o do Programa Municipal de Fomento ao Servi\u00e7o de Radiodifus\u00e3o Comunit\u00e1ria Para a Cidade de S\u00e3o Paulo.<\/p>\n<p>Os conte\u00fados ditos pelos entrevistados n\u00e3o refletem a opini\u00e3o da emissora.<\/p>\n<\/div><\/section><\/p><\/div><div id=\"av_player-1\" class=\"av-player av-player-container av-lzc0k89u-2593e497baf9a91f0bc83588fa9c2de6 avia-playerstyle-classic av_player-1  avia-builder-el-4  el_after_av_one_full  el_before_av_video  first avia-playlist-hide-cover\"><div class=\"av-player-player-container\"><div class=\"wp-playlist wp-audio-playlist wp-playlist-light\">\n\t\t\t<div class=\"wp-playlist-current-item\"><\/div>\n\t\t<audio controls=\"controls\" preload=\"none\" width=\"1478\"\n\t\t\t><\/audio>\n\t<div class=\"wp-playlist-next\"><\/div>\n\t<div class=\"wp-playlist-prev\"><\/div>\n\t<noscript>\n\t<ol>\n\t\t<li><a href='https:\/\/radiofuturafm.com.br\/wp-content\/uploads\/2024\/08\/INFORMATIVO-FORMATURA-DOS-ALUNOS-DO-PAO-DO-POVO-DA-RUA.mp3'>INFORMATIVO - FORMATURA DOS ALUNOS DO P\u00c3O DO POVO DA RUA<\/a><\/li>\t<\/ol>\n\t<\/noscript>\n\t<script type=\"application\/json\" class=\"wp-playlist-script\">{\"type\":\"audio\",\"tracklist\":true,\"tracknumbers\":true,\"images\":true,\"artists\":true,\"tracks\":[{\"src\":\"https:\/\/radiofuturafm.com.br\/wp-content\/uploads\/2024\/08\/INFORMATIVO-FORMATURA-DOS-ALUNOS-DO-PAO-DO-POVO-DA-RUA.mp3\",\"type\":\"audio\/mpeg\",\"title\":\"INFORMATIVO - FORMATURA DOS ALUNOS DO P\\u00c3O DO POVO DA RUA\",\"caption\":\"\",\"description\":\"\\\"INFORMATIVO - FORMATURA DOS ALUNOS DO P\\u00c3O DO POVO DA RUA\\\".\",\"meta\":{\"length_formatted\":\"2:13\"},\"image\":{\"src\":\"https:\/\/radiofuturafm.com.br\/wp-includes\/images\/media\/audio.svg\",\"width\":48,\"height\":64},\"thumb\":{\"src\":\"https:\/\/radiofuturafm.com.br\/wp-includes\/images\/media\/audio.svg\",\"width\":48,\"height\":64}}]}<\/script>\n<\/div>\n\t<\/div><\/div><\/p>\n<div  class='avia-video av-lzc0kg3v-b65c1ce5ee25aeb6cc9d9b2c8889b5dc avia-video-16-9 av-no-preview-image avia-video-load-always av-lazyload-immediate av-lazyload-video-embed'  itemprop=\"video\" itemtype=\"https:\/\/schema.org\/VideoObject\"  data-original_url='https:\/\/www.youtube.com\/watch?v=7ak6MTOmYi4'><script type='text\/html' class='av-video-tmpl'><div class='avia-iframe-wrap'><iframe loading=\"lazy\" title=\"BOLETIM CDNRADCOM - Pessoas em vulnerabilidade celebram formatura com discursos Inspiradores\" width=\"1500\" height=\"844\" src=\"https:\/\/www.youtube.com\/embed\/7ak6MTOmYi4?feature=oembed&autoplay=0&loop=0&controls=1&mute=0\" frameborder=\"0\" allow=\"accelerometer; autoplay; clipboard-write; encrypted-media; gyroscope; picture-in-picture; web-share\" referrerpolicy=\"strict-origin-when-cross-origin\" allowfullscreen><\/iframe><\/div><\/script><div class='av-click-to-play-overlay'><div class=\"avia_playpause_icon\"><\/div><\/div><\/div>\n","protected":false},"excerpt":{"rendered":"","protected":false},"author":1,"featured_media":360,"comment_status":"open","ping_status":"open","sticky":false,"template":"","format":"standard","meta":{"footnotes":""},"categories":[1],"tags":[],"class_list":["post-359","post","type-post","status-publish","format-standard","has-post-thumbnail","hentry","category-noticiais"],"_links":{"self":[{"href":"https:\/\/radiofuturafm.com.br\/index.php\/wp-json\/wp\/v2\/posts\/359","targetHints":{"allow":["GET"]}}],"collection":[{"href":"https:\/\/radiofuturafm.com.br\/index.php\/wp-json\/wp\/v2\/posts"}],"about":[{"href":"https:\/\/radiofuturafm.com.br\/index.php\/wp-json\/wp\/v2\/types\/post"}],"author":[{"embeddable":true,"href":"https:\/\/radiofuturafm.com.br\/index.php\/wp-json\/wp\/v2\/users\/1"}],"replies":[{"embeddable":true,"href":"https:\/\/radiofuturafm.com.br\/index.php\/wp-json\/wp\/v2\/comments?post=359"}],"version-history":[{"count":1,"href":"https:\/\/radiofuturafm.com.br\/index.php\/wp-json\/wp\/v2\/posts\/359\/revisions"}],"predecessor-version":[{"id":362,"href":"https:\/\/radiofuturafm.com.br\/index.php\/wp-json\/wp\/v2\/posts\/359\/revisions\/362"}],"wp:featuredmedia":[{"embeddable":true,"href":"https:\/\/radiofuturafm.com.br\/index.php\/wp-json\/wp\/v2\/media\/360"}],"wp:attachment":[{"href":"https:\/\/radiofuturafm.com.br\/index.php\/wp-json\/wp\/v2\/media?parent=359"}],"wp:term":[{"taxonomy":"category","embeddable":true,"href":"https:\/\/radiofuturafm.com.br\/index.php\/wp-json\/wp\/v2\/categories?post=359"},{"taxonomy":"post_tag","embeddable":true,"href":"https:\/\/radiofuturafm.com.br\/index.php\/wp-json\/wp\/v2\/tags?post=359"}],"curies":[{"name":"wp","href":"https:\/\/api.w.org\/{rel}","templated":true}]}}