{"id":339,"date":"2024-07-13T21:27:16","date_gmt":"2024-07-13T21:27:16","guid":{"rendered":"https:\/\/radiofuturafm.com.br\/?p=339"},"modified":"2024-07-13T21:27:16","modified_gmt":"2024-07-13T21:27:16","slug":"secretario-de-comunicacao-do-governo-federal-participa-de-entrevista-com-radios-comunitarias","status":"publish","type":"post","link":"https:\/\/radiofuturafm.com.br\/index.php\/2024\/07\/13\/secretario-de-comunicacao-do-governo-federal-participa-de-entrevista-com-radios-comunitarias\/","title":{"rendered":"Secret\u00e1rio de Comunica\u00e7\u00e3o do Governo Federal participa de entrevista com r\u00e1dios comunit\u00e1rias"},"content":{"rendered":"<div  class='flex_column av-av_one_full-dfffed1c4949eead95ef84c3cc332849 av_one_full  avia-builder-el-0  el_before_av_video  avia-builder-el-first  first flex_column_div  '     ><p>\n<style type=\"text\/css\" data-created_by=\"avia_inline_auto\" id=\"style-css-av-lykmxmyv-2bc63e3d80a9ec4f7edae5a50a2acff4\">\n#top .av-special-heading.av-lykmxmyv-2bc63e3d80a9ec4f7edae5a50a2acff4{\npadding-bottom:10px;\n}\nbody .av-special-heading.av-lykmxmyv-2bc63e3d80a9ec4f7edae5a50a2acff4 .av-special-heading-tag .heading-char{\nfont-size:25px;\n}\n.av-special-heading.av-lykmxmyv-2bc63e3d80a9ec4f7edae5a50a2acff4 .av-subheading{\nfont-size:15px;\n}\n<\/style>\n<div  class='av-special-heading av-lykmxmyv-2bc63e3d80a9ec4f7edae5a50a2acff4 av-special-heading-h3  avia-builder-el-1  el_before_av_hr  avia-builder-el-first '><h3 class='av-special-heading-tag'  itemprop=\"headline\"  >Secret\u00e1rio de Comunica\u00e7\u00e3o do Governo Federal participa de entrevista com r\u00e1dios comunit\u00e1rias<\/h3><div class=\"special-heading-border\"><div class=\"special-heading-inner-border\"><\/div><\/div><\/div><br \/>\n<div  class='hr av-av_hr-91d7ccd583a503147498e120fee2ff9b hr-default  avia-builder-el-2  el_after_av_heading  el_before_av_textblock '><span class='hr-inner '><span class=\"hr-inner-style\"><\/span><\/span><\/div><br \/>\n<section  class='av_textblock_section av-lykmzkei-af1bfeaad918837174f277e1986cac44 '   itemscope=\"itemscope\" itemtype=\"https:\/\/schema.org\/BlogPosting\" itemprop=\"blogPost\" ><div class='avia_textblock'  itemprop=\"text\" ><h4>Ricardo Zamora comentou sobre projetos para fortalecer o servi\u00e7o de radiodifus\u00e3o comunit\u00e1ria<\/h4>\n<p><em>Por Romulo Bonfim e Gabriel Nassif<\/em><\/p>\n<p>O Forum Democracia na Comunica\u00e7\u00e3o recebeu, Ricardo Zamora, Secret\u00e1rio Executivo da Secretaria de Comunica\u00e7\u00e3o Social da Presid\u00eancia da Rep\u00fablica, onde participou da entrevista com as emissoras de r\u00e1dios comunit\u00e1rias. Entre diversos assuntos, ele abordou as estrat\u00e9gias contra a desinforma\u00e7\u00e3o e o fortalecimento da comunica\u00e7\u00e3o comunit\u00e1ria. O evento aconteceu na sede da institui\u00e7\u00e3o, no s\u00e1bado, 06 de julho, em S\u00e3o Paulo.<\/p>\n<p>Zamora \u00e9 considerado um dos nomes mais influentes da Secretaria de Comunica\u00e7\u00e3o do Governo Federal (SECOM). Atualmente o secret\u00e1rio substitui o Ministro Paulo Pimenta, nos cumprimentos das agendas do minist\u00e9rio. A entrevista com as emissoras comunit\u00e1rias, fez parte desses compromissos.<\/p>\n<p>Ricardo Zamora defende que a informa\u00e7\u00e3o deve ser cada vez mais democr\u00e1tica, sendo essencial regionalizar a comunica\u00e7\u00e3o e fomentar as r\u00e1dios comunit\u00e1rias, al\u00e9m disso, destaca que as emissoras exercem importante fun\u00e7\u00e3o na sociedade.<\/p>\n<p>\u201cAs r\u00e1dios comunit\u00e1rias cumprem um papel na comunica\u00e7\u00e3o p\u00fablica que ningu\u00e9m pode cumprir, eu j\u00e1 era um entusiasta das r\u00e1dios, agora sou ainda mais!\u201d, declara Zamora.<\/p>\n<h5><strong>A participa\u00e7\u00e3o das r\u00e1dios comunit\u00e1rias<\/strong><\/h5>\n<p>Radialistas e representantes das emissoras comunit\u00e1rias da capital, quanto do estado paulista, participaram da coletiva. A conversa durou cerca de uma hora, tempo suficiente para os radiodifusores questionarem assuntos pertinentes \u00e0 comunidade.<\/p>\n<p>Neusa Ferr\u00e3o, preside h\u00e1 29 anos a R\u00e1dio Liberta\u00e7\u00e3o FM, ressaltou que o trabalho das r\u00e1dios comunit\u00e1rias, apesar de dif\u00edcil, atinge diretamente as comunidades locais.<\/p>\n<p>\u201cA gente vem se arrastando com muito sofrimento, mas sempre vitoriosos. O trabalho de r\u00e1dio comunit\u00e1ria entra nas casas das pessoas e conhece de perto, as suas necessidades\u201d, declara a radialista.<\/p>\n<p>A Central de Not\u00edcias da R\u00e1dio Futura &#8211; Parelheiros \u00e9 uma iniciativa do Projeto \u201cMitos Gregos e a Psicologia\u201d.\u00a0 Este projeto foi realizado com o apoio da 7\u00aa Edi\u00e7\u00e3o do Programa Municipal de Fomento ao Servi\u00e7o de Radiodifus\u00e3o Comunit\u00e1ria Para a Cidade de S\u00e3o Paulo.<\/p>\n<p>Os conte\u00fados ditos pelos entrevistados n\u00e3o refletem a opini\u00e3o da emissora.<\/p>\n<\/div><\/section><\/p><\/div><div  class='avia-video av-lykmzyqh-72227588776f24871ee2f006c177039e avia-video-16-9 av-no-preview-image avia-video-load-always av-lazyload-immediate av-lazyload-video-embed'  itemprop=\"video\" itemtype=\"https:\/\/schema.org\/VideoObject\"  data-original_url='https:\/\/www.youtube.com\/watch?v=4qX_6B9fiNU'><script type='text\/html' class='av-video-tmpl'><div class='avia-iframe-wrap'><iframe loading=\"lazy\" title=\"BOLETIM CDNRADCOM - Secret\u00e1rio da SECOM participa de entrevista com r\u00e1dios comunit\u00e1rias\" width=\"1500\" height=\"844\" src=\"https:\/\/www.youtube.com\/embed\/4qX_6B9fiNU?feature=oembed&autoplay=0&loop=0&controls=1&mute=0\" frameborder=\"0\" allow=\"accelerometer; autoplay; clipboard-write; encrypted-media; gyroscope; picture-in-picture; web-share\" referrerpolicy=\"strict-origin-when-cross-origin\" allowfullscreen><\/iframe><\/div><\/script><div class='av-click-to-play-overlay'><div class=\"avia_playpause_icon\"><\/div><\/div><\/div><\/p>\n","protected":false},"excerpt":{"rendered":"","protected":false},"author":1,"featured_media":340,"comment_status":"open","ping_status":"open","sticky":false,"template":"","format":"standard","meta":{"footnotes":""},"categories":[1],"tags":[],"class_list":["post-339","post","type-post","status-publish","format-standard","has-post-thumbnail","hentry","category-noticiais"],"_links":{"self":[{"href":"https:\/\/radiofuturafm.com.br\/index.php\/wp-json\/wp\/v2\/posts\/339","targetHints":{"allow":["GET"]}}],"collection":[{"href":"https:\/\/radiofuturafm.com.br\/index.php\/wp-json\/wp\/v2\/posts"}],"about":[{"href":"https:\/\/radiofuturafm.com.br\/index.php\/wp-json\/wp\/v2\/types\/post"}],"author":[{"embeddable":true,"href":"https:\/\/radiofuturafm.com.br\/index.php\/wp-json\/wp\/v2\/users\/1"}],"replies":[{"embeddable":true,"href":"https:\/\/radiofuturafm.com.br\/index.php\/wp-json\/wp\/v2\/comments?post=339"}],"version-history":[{"count":1,"href":"https:\/\/radiofuturafm.com.br\/index.php\/wp-json\/wp\/v2\/posts\/339\/revisions"}],"predecessor-version":[{"id":341,"href":"https:\/\/radiofuturafm.com.br\/index.php\/wp-json\/wp\/v2\/posts\/339\/revisions\/341"}],"wp:featuredmedia":[{"embeddable":true,"href":"https:\/\/radiofuturafm.com.br\/index.php\/wp-json\/wp\/v2\/media\/340"}],"wp:attachment":[{"href":"https:\/\/radiofuturafm.com.br\/index.php\/wp-json\/wp\/v2\/media?parent=339"}],"wp:term":[{"taxonomy":"category","embeddable":true,"href":"https:\/\/radiofuturafm.com.br\/index.php\/wp-json\/wp\/v2\/categories?post=339"},{"taxonomy":"post_tag","embeddable":true,"href":"https:\/\/radiofuturafm.com.br\/index.php\/wp-json\/wp\/v2\/tags?post=339"}],"curies":[{"name":"wp","href":"https:\/\/api.w.org\/{rel}","templated":true}]}}