{"id":322,"date":"2024-06-20T22:22:17","date_gmt":"2024-06-20T22:22:17","guid":{"rendered":"https:\/\/radiofuturafm.com.br\/?p=322"},"modified":"2024-06-20T22:22:17","modified_gmt":"2024-06-20T22:22:17","slug":"o-centro-paula-souza-anuncia-a-expansao-de-cursos-nos-ceus-da-capital","status":"publish","type":"post","link":"https:\/\/radiofuturafm.com.br\/index.php\/2024\/06\/20\/o-centro-paula-souza-anuncia-a-expansao-de-cursos-nos-ceus-da-capital\/","title":{"rendered":"O CENTRO PAULA SOUZA ANUNCIA A EXPANS\u00c3O DE CURSOS NOS CEUS DA CAPITAL."},"content":{"rendered":"<div  class='flex_column av-av_one_full-dfffed1c4949eead95ef84c3cc332849 av_one_full  avia-builder-el-0  el_before_av_player  avia-builder-el-first  first flex_column_div  '     ><p>\n<style type=\"text\/css\" data-created_by=\"avia_inline_auto\" id=\"style-css-av-lxntpkvg-cd8917187f4bdbb3f62d94d44592bfbb\">\n#top .av-special-heading.av-lxntpkvg-cd8917187f4bdbb3f62d94d44592bfbb{\npadding-bottom:10px;\n}\nbody .av-special-heading.av-lxntpkvg-cd8917187f4bdbb3f62d94d44592bfbb .av-special-heading-tag .heading-char{\nfont-size:25px;\n}\n.av-special-heading.av-lxntpkvg-cd8917187f4bdbb3f62d94d44592bfbb .av-subheading{\nfont-size:15px;\n}\n<\/style>\n<div  class='av-special-heading av-lxntpkvg-cd8917187f4bdbb3f62d94d44592bfbb av-special-heading-h3  avia-builder-el-1  el_before_av_hr  avia-builder-el-first '><h3 class='av-special-heading-tag'  itemprop=\"headline\"  >O CENTRO PAULA SOUZA ANUNCIA A EXPANS\u00c3O DE CURSOS NOS CEUS DA CAPITAL.<\/h3><div class=\"special-heading-border\"><div class=\"special-heading-inner-border\"><\/div><\/div><\/div><br \/>\n<div  class='hr av-av_hr-91d7ccd583a503147498e120fee2ff9b hr-default  avia-builder-el-2  el_after_av_heading  el_before_av_textblock '><span class='hr-inner '><span class=\"hr-inner-style\"><\/span><\/span><\/div><br \/>\n<section  class='av_textblock_section av-lxntqru9-5621580003ed616c32aa2306b4ba8af1 '   itemscope=\"itemscope\" itemtype=\"https:\/\/schema.org\/BlogPosting\" itemprop=\"blogPost\" ><div class='avia_textblock'  itemprop=\"text\" ><p><em>Por Caroline Rossetto<\/em><\/p>\n<p>Na \u00faltima quinta-feira, dia 13 de junho, a Prefeitura da Capital em parceria com o Centro Paula Souza, em evento no CEU Vila Formosa, anunciou a expans\u00e3o de novos cursos t\u00e9cnicos gratuitos em mais de 15 CEUS na capital paulista.<\/p>\n<p>Ao todo s\u00e3o 48 polos educacionais, sendo um dentro de uma Escola Municipal de Ensino Fundamental e M\u00e9dio (EMEF). Os CEUS contemplados s\u00e3o: Heli\u00f3polis, CEU Tiquatira, Jardim Paulistano, Navegantes, \u00c1gua Azul, Pera Marmelo, Formosa, Tr\u00eas Pontes, Uirapuru, Rosa da China, entre outros.<\/p>\n<p>A professora e coordenadora pedag\u00f3gica do Centro Paula Souza, Amneris Ribeiro Caciatori, falou da import\u00e2ncia de levar esses cursos para a periferia:<\/p>\n<p>\u201c\u00c9 muito importante. Estamos ampliando hoje a oferta dos cursos t\u00e9cnicos para mais 15 CEUS. N\u00f3s j\u00e1 temos um grande n\u00famero, voltado aqui especialmente para o CEU Vila Formosa. Cursos do eixo de gest\u00e3o e possivelmente teremos cursos na \u00e1rea de marketing. N\u00f3s temos em torno de 77% de empregabilidade dos nossos alunos do curso t\u00e9cnico. Ent\u00e3o isso vem para fortalecer a forma\u00e7\u00e3o do aluno e levar para a empregabilidade. N\u00f3s temos v\u00e1rios eixos. A previs\u00e3o \u00e9 dos cursos do eixo de Gest\u00e3o: Administra\u00e7\u00e3o, Marketing e Recursos Humanos e dependendo da demanda local, \u00e9 feita a escolha do curso\u201d, diz ela.<\/p>\n<p>Para se candidatar \u00e0s vagas \u00e9 preciso ter conclu\u00eddo o Ensino Fundamental e se preparar para o Vestibulinho que concede o direito de estudar nos cursos t\u00e9cnicos oferecidos. Uma das preocupa\u00e7\u00f5es \u00e9 a empregabilidade ap\u00f3s os t\u00e9rminos das aulas. Segundo o Subprefeito do Carr\u00e3o\/Aricanduva\/Vila Formosa, Rafael Meira, \u00e9 poss\u00edvel se candidatar em vagas em programas de trabalho oferecidos pela Prefeitura de S\u00e3o Paulo:<\/p>\n<p>\u201cN\u00f3s temos os Canais da Prefeitura. Tem o \u201cMEU TRAMPO\u201d e outros canais que ajudam a inserir essas pessoas no mercado de trabalho\u201d, informa ele.<\/p>\n<p>Aos interessados que desejam mudar de \u00e1rea, ingressar em novos estudos ou ter uma forma\u00e7\u00e3o acad\u00eamica, o Processo Seletivo do Vestibulinho acontece entre os meses de junho e dezembro. Cada CEU trabalha junto com ETECS que garante o reconhecimento do curso junto com a certifica\u00e7\u00e3o necess\u00e1ria.<\/p>\n<p>A Central de Not\u00edcias da R\u00e1dio Futura &#8211; Parelheiros \u00e9 uma iniciativa do Projeto \u201cMitos Gregos e a Psicologia\u201d.\u00a0 Este projeto foi realizado com o apoio da 7\u00aa Edi\u00e7\u00e3o do Programa Municipal de Fomento ao Servi\u00e7o de Radiodifus\u00e3o Comunit\u00e1ria Para a Cidade de S\u00e3o Paulo.<\/p>\n<p>Os conte\u00fados ditos pelos entrevistados n\u00e3o refletem a opini\u00e3o da emissora.<\/p>\n<\/div><\/section><\/p><\/div><div id=\"av_player-1\" class=\"av-player av-player-container av-lxntssub-1def252f35080165ed7f81ab025a20e2 avia-playerstyle-classic av_player-1  avia-builder-el-4  el_after_av_one_full  el_before_av_video  first avia-playlist-hide-cover\"><div class=\"av-player-player-container\"><div class=\"wp-playlist wp-audio-playlist wp-playlist-light\">\n\t\t\t<div class=\"wp-playlist-current-item\"><\/div>\n\t\t<audio controls=\"controls\" preload=\"none\" width=\"1478\"\n\t\t\t><\/audio>\n\t<div class=\"wp-playlist-next\"><\/div>\n\t<div class=\"wp-playlist-prev\"><\/div>\n\t<noscript>\n\t<ol>\n\t\t<li><a href='https:\/\/radiofuturafm.com.br\/wp-content\/uploads\/2024\/06\/BOLETIM-INFORMATIVO-AMPLIACAO-DE-CURSOS-NAS-ETECS-E-CCEUS1.mp3'>BOLETIM INFORMATIVO AMPLIA\u00c7\u00c3O DE CURSOS NAS ETEC'S E CCEU'S(1)<\/a><\/li>\t<\/ol>\n\t<\/noscript>\n\t<script type=\"application\/json\" class=\"wp-playlist-script\">{\"type\":\"audio\",\"tracklist\":true,\"tracknumbers\":true,\"images\":true,\"artists\":true,\"tracks\":[{\"src\":\"https:\/\/radiofuturafm.com.br\/wp-content\/uploads\/2024\/06\/BOLETIM-INFORMATIVO-AMPLIACAO-DE-CURSOS-NAS-ETECS-E-CCEUS1.mp3\",\"type\":\"audio\/mpeg\",\"title\":\"BOLETIM INFORMATIVO AMPLIA\\u00c7\\u00c3O DE CURSOS NAS ETEC'S E CCEU'S(1)\",\"caption\":\"\",\"description\":\"\\\"BOLETIM INFORMATIVO AMPLIA\\u00c7\\u00c3O DE CURSOS NAS ETEC'S E CCEU'S(1)\\\".\",\"meta\":{\"length_formatted\":\"2:24\"},\"image\":{\"src\":\"https:\/\/radiofuturafm.com.br\/wp-includes\/images\/media\/audio.svg\",\"width\":48,\"height\":64},\"thumb\":{\"src\":\"https:\/\/radiofuturafm.com.br\/wp-includes\/images\/media\/audio.svg\",\"width\":48,\"height\":64}}]}<\/script>\n<\/div>\n\t<\/div><\/div><\/p>\n<div  class='avia-video av-lxnttvav-880c79ed6d5065ad490859635d6a08c9 avia-video-16-9 av-no-preview-image avia-video-load-always av-lazyload-immediate av-lazyload-video-embed'  itemprop=\"video\" itemtype=\"https:\/\/schema.org\/VideoObject\"  data-original_url='https:\/\/www.youtube.com\/watch?v=Eh9eW1Zc_tY'><script type='text\/html' class='av-video-tmpl'><div class='avia-iframe-wrap'><iframe loading=\"lazy\" title=\"BOLETIM CDNRADCOM - O CENTRO PAULA SOUZA ANUNCIA A EXPANS\u00c3O DE CURSOS NOS CEUS DA CAPITAL\" width=\"1500\" height=\"844\" src=\"https:\/\/www.youtube.com\/embed\/Eh9eW1Zc_tY?feature=oembed&autoplay=0&loop=0&controls=1&mute=0\" frameborder=\"0\" allow=\"accelerometer; autoplay; clipboard-write; encrypted-media; gyroscope; picture-in-picture; web-share\" referrerpolicy=\"strict-origin-when-cross-origin\" allowfullscreen><\/iframe><\/div><\/script><div class='av-click-to-play-overlay'><div class=\"avia_playpause_icon\"><\/div><\/div><\/div>\n","protected":false},"excerpt":{"rendered":"","protected":false},"author":1,"featured_media":323,"comment_status":"open","ping_status":"open","sticky":false,"template":"","format":"standard","meta":{"footnotes":""},"categories":[1],"tags":[],"class_list":["post-322","post","type-post","status-publish","format-standard","has-post-thumbnail","hentry","category-noticiais"],"_links":{"self":[{"href":"https:\/\/radiofuturafm.com.br\/index.php\/wp-json\/wp\/v2\/posts\/322","targetHints":{"allow":["GET"]}}],"collection":[{"href":"https:\/\/radiofuturafm.com.br\/index.php\/wp-json\/wp\/v2\/posts"}],"about":[{"href":"https:\/\/radiofuturafm.com.br\/index.php\/wp-json\/wp\/v2\/types\/post"}],"author":[{"embeddable":true,"href":"https:\/\/radiofuturafm.com.br\/index.php\/wp-json\/wp\/v2\/users\/1"}],"replies":[{"embeddable":true,"href":"https:\/\/radiofuturafm.com.br\/index.php\/wp-json\/wp\/v2\/comments?post=322"}],"version-history":[{"count":1,"href":"https:\/\/radiofuturafm.com.br\/index.php\/wp-json\/wp\/v2\/posts\/322\/revisions"}],"predecessor-version":[{"id":325,"href":"https:\/\/radiofuturafm.com.br\/index.php\/wp-json\/wp\/v2\/posts\/322\/revisions\/325"}],"wp:featuredmedia":[{"embeddable":true,"href":"https:\/\/radiofuturafm.com.br\/index.php\/wp-json\/wp\/v2\/media\/323"}],"wp:attachment":[{"href":"https:\/\/radiofuturafm.com.br\/index.php\/wp-json\/wp\/v2\/media?parent=322"}],"wp:term":[{"taxonomy":"category","embeddable":true,"href":"https:\/\/radiofuturafm.com.br\/index.php\/wp-json\/wp\/v2\/categories?post=322"},{"taxonomy":"post_tag","embeddable":true,"href":"https:\/\/radiofuturafm.com.br\/index.php\/wp-json\/wp\/v2\/tags?post=322"}],"curies":[{"name":"wp","href":"https:\/\/api.w.org\/{rel}","templated":true}]}}