{"id":300,"date":"2024-05-16T21:39:46","date_gmt":"2024-05-16T21:39:46","guid":{"rendered":"https:\/\/radiofuturafm.com.br\/?p=300"},"modified":"2024-05-16T21:39:46","modified_gmt":"2024-05-16T21:39:46","slug":"alargamento-das-vias-melhora-o-transito-e-vida-dos-moradores-de-parelheiros","status":"publish","type":"post","link":"https:\/\/radiofuturafm.com.br\/index.php\/2024\/05\/16\/alargamento-das-vias-melhora-o-transito-e-vida-dos-moradores-de-parelheiros\/","title":{"rendered":"Alargamento das vias melhora o tr\u00e2nsito e vida dos moradores de Parelheiros"},"content":{"rendered":"<div  class='flex_column av-av_one_full-dfffed1c4949eead95ef84c3cc332849 av_one_full  avia-builder-el-0  el_before_av_player  avia-builder-el-first  first flex_column_div  '     ><p>\n<style type=\"text\/css\" data-created_by=\"avia_inline_auto\" id=\"style-css-av-lw9rsx34-c964d0d201f18d5db52e113417390774\">\n#top .av-special-heading.av-lw9rsx34-c964d0d201f18d5db52e113417390774{\npadding-bottom:10px;\n}\nbody .av-special-heading.av-lw9rsx34-c964d0d201f18d5db52e113417390774 .av-special-heading-tag .heading-char{\nfont-size:25px;\n}\n.av-special-heading.av-lw9rsx34-c964d0d201f18d5db52e113417390774 .av-subheading{\nfont-size:15px;\n}\n<\/style>\n<div  class='av-special-heading av-lw9rsx34-c964d0d201f18d5db52e113417390774 av-special-heading-h3  avia-builder-el-1  el_before_av_hr  avia-builder-el-first '><h3 class='av-special-heading-tag'  itemprop=\"headline\"  >Alargamento das vias melhora o tr\u00e2nsito e vida dos moradores de Parelheiros<\/h3><div class=\"special-heading-border\"><div class=\"special-heading-inner-border\"><\/div><\/div><\/div><br \/>\n<div  class='hr av-av_hr-91d7ccd583a503147498e120fee2ff9b hr-default  avia-builder-el-2  el_after_av_heading  el_before_av_textblock '><span class='hr-inner '><span class=\"hr-inner-style\"><\/span><\/span><\/div><br \/>\n<section  class='av_textblock_section av-lw9rvp4n-bab8e0a144971ee21b1a8a6c2756854c '   itemscope=\"itemscope\" itemtype=\"https:\/\/schema.org\/BlogPosting\" itemprop=\"blogPost\" ><div class='avia_textblock'  itemprop=\"text\" ><h4>Segundo a prefeitura, o alargamento das vias \u00e9 uma das a\u00e7\u00f5es de melhoria para a mobilidade urbana na capital<\/h4>\n<p><em>Por Gabriel Nassif<\/em><\/p>\n<p>Vias da regi\u00e3o de Parelheiros, zona sul da capital, ser\u00e3o alargadas para atenuar o tr\u00e2nsito e melhorar o fluxo do transporte p\u00fablico. Isso beneficia moradores e comerciantes do bairro, que ter\u00e3o melhor acesso a outras regi\u00f5es de S\u00e3o Paulo.<\/p>\n<p>Essa a\u00e7\u00e3o foi anunciada pela prefeitura junto a outros projetos de melhoria para mobilidade da regi\u00e3o, em coletiva com a imprensa local, no dia 9 de maio. O projeto teve in\u00edcio com a duplica\u00e7\u00e3o da Av. Senador Teot\u00f4nio Vilela, em Cidade Dutra.<\/p>\n<p>Para a assistente social e moradora da regi\u00e3o h\u00e1 mais de 30 anos, Roberta Martins, as vias de locomo\u00e7\u00e3o e o transporte p\u00fablico em Parelheiros precisam melhorar. \u201cAs vias de locomo\u00e7\u00e3o aqui na nossa regi\u00e3o est\u00e3o muito prejudicadas\u201d relatou.<\/p>\n<p>\u201cO transporte p\u00fablico precisa melhorar cada vez mais, principalmente na quest\u00e3o de ter mais de transporte p\u00fablico aqui para o territ\u00f3rio\u201d, afirmou Roberta.<\/p>\n<p>Apesar dos problemas de mobilidade no bairro, a assistente social acredita que os projetos anunciados pela prefeitura s\u00e3o bons. \u201cVai ser ben\u00e9fico para agilizar e facilitar \u00e0s pessoas ter facilidade de chegar em suas localidades\u201d concluiu ela.<\/p>\n<h5>Melhor mobilidade e mais acesso<\/h5>\n<p>Em coletiva, a prefeitura citou dois projetos de melhoria para a mobilidade urbana na capital: a reestrutura\u00e7\u00e3o do terminal de \u00f4nibus Parelheiros e a extens\u00e3o de uma linha da Companhia de Trens Metropolitanos (CPTM) at\u00e9 Varginha, bairro da regi\u00e3o sul.<\/p>\n<p>Segundo o prefeito Ricardo Nunes (MDB), o alargamento de vias, a reestrutura\u00e7\u00e3o de terminais e a amplia\u00e7\u00e3o das linhas da CPTM diversificam o fluxo do transporte e facilitam o acesso dos moradores a outras regi\u00f5es.<\/p>\n<p>\u201cEstamos fazendo a reestrutura\u00e7\u00e3o e reformula\u00e7\u00e3o dos terminais. Vamos fazer um alargamento da ponte Interlagos, a extens\u00e3o da Marginal Pinheiros e por parte do governo do estado, em parceria com a prefeitura, a extens\u00e3o da linha da CPTM at\u00e9 Varginha. \u00c9 um conjunto de obras na zona sul para melhorar a quest\u00e3o da mobilidade\u201d afirmou o prefeito.<\/p>\n<p>A Central de Not\u00edcias da R\u00e1dio Futura &#8211; Parelheiros \u00e9 uma iniciativa do Projeto \u201cMitos Gregos e a Psicologia\u201d.\u00a0 Este projeto foi realizado com o apoio da 7\u00aa Edi\u00e7\u00e3o do Programa Municipal de Fomento ao Servi\u00e7o de Radiodifus\u00e3o Comunit\u00e1ria Para a Cidade de S\u00e3o Paulo.<\/p>\n<p>Os conte\u00fados ditos pelos entrevistados n\u00e3o refletem a opini\u00e3o da emissora.<\/p>\n<\/div><\/section><\/p><\/div><div id=\"av_player-1\" class=\"av-player av-player-container av-lw9rwpnf-7c20e824dd41afab4bd5260d2045168a avia-playerstyle-classic av_player-1  avia-builder-el-4  el_after_av_one_full  el_before_av_video  first avia-playlist-hide-cover\"><div class=\"av-player-player-container\"><div class=\"wp-playlist wp-audio-playlist wp-playlist-light\">\n\t\t\t<div class=\"wp-playlist-current-item\"><\/div>\n\t\t<audio controls=\"controls\" preload=\"none\" width=\"1478\"\n\t\t\t><\/audio>\n\t<div class=\"wp-playlist-next\"><\/div>\n\t<div class=\"wp-playlist-prev\"><\/div>\n\t<noscript>\n\t<ol>\n\t\t<li><a href='https:\/\/radiofuturafm.com.br\/wp-content\/uploads\/2024\/05\/BOLETIM-INFORMATIVO-PROJETOS-DE-ALARGAMENTO-DE-VIAS-URBANAS-NA-CAPITAL.mp3'>BOLETIM INFORMATIVO PROJETOS DE ALARGAMENTO DE VIAS URBANAS NA CAPITAL<\/a><\/li>\t<\/ol>\n\t<\/noscript>\n\t<script type=\"application\/json\" class=\"wp-playlist-script\">{\"type\":\"audio\",\"tracklist\":true,\"tracknumbers\":true,\"images\":true,\"artists\":true,\"tracks\":[{\"src\":\"https:\/\/radiofuturafm.com.br\/wp-content\/uploads\/2024\/05\/BOLETIM-INFORMATIVO-PROJETOS-DE-ALARGAMENTO-DE-VIAS-URBANAS-NA-CAPITAL.mp3\",\"type\":\"audio\/mpeg\",\"title\":\"BOLETIM INFORMATIVO PROJETOS DE ALARGAMENTO DE VIAS URBANAS NA CAPITAL\",\"caption\":\"\",\"description\":\"\\\"BOLETIM INFORMATIVO PROJETOS DE ALARGAMENTO DE VIAS URBANAS NA CAPITAL\\\".\",\"meta\":{\"length_formatted\":\"2:18\"},\"image\":{\"src\":\"https:\/\/radiofuturafm.com.br\/wp-includes\/images\/media\/audio.svg\",\"width\":48,\"height\":64},\"thumb\":{\"src\":\"https:\/\/radiofuturafm.com.br\/wp-includes\/images\/media\/audio.svg\",\"width\":48,\"height\":64}}]}<\/script>\n<\/div>\n\t<\/div><\/div><\/p>\n<div  class='avia-video av-lw9rx4yo-8fd8ca666b4beb18dc0532863f0ba672 avia-video-16-9 av-no-preview-image avia-video-load-always av-lazyload-immediate av-lazyload-video-embed'  itemprop=\"video\" itemtype=\"https:\/\/schema.org\/VideoObject\"  data-original_url='https:\/\/www.youtube.com\/watch?v=0Pk1pvPdBp0'><script type='text\/html' class='av-video-tmpl'><div class='avia-iframe-wrap'><iframe loading=\"lazy\" title=\"BOLETIM FDC - Alargamento das vias melhora o tr\u00e2nsito e vida dos moradores de Parelheiros\" width=\"1500\" height=\"844\" src=\"https:\/\/www.youtube.com\/embed\/0Pk1pvPdBp0?feature=oembed&autoplay=0&loop=0&controls=1&mute=0\" frameborder=\"0\" allow=\"accelerometer; autoplay; clipboard-write; encrypted-media; gyroscope; picture-in-picture; web-share\" referrerpolicy=\"strict-origin-when-cross-origin\" allowfullscreen><\/iframe><\/div><\/script><div class='av-click-to-play-overlay'><div class=\"avia_playpause_icon\"><\/div><\/div><\/div>\n","protected":false},"excerpt":{"rendered":"","protected":false},"author":1,"featured_media":301,"comment_status":"open","ping_status":"open","sticky":false,"template":"","format":"standard","meta":{"footnotes":""},"categories":[1],"tags":[],"class_list":["post-300","post","type-post","status-publish","format-standard","has-post-thumbnail","hentry","category-noticiais"],"_links":{"self":[{"href":"https:\/\/radiofuturafm.com.br\/index.php\/wp-json\/wp\/v2\/posts\/300","targetHints":{"allow":["GET"]}}],"collection":[{"href":"https:\/\/radiofuturafm.com.br\/index.php\/wp-json\/wp\/v2\/posts"}],"about":[{"href":"https:\/\/radiofuturafm.com.br\/index.php\/wp-json\/wp\/v2\/types\/post"}],"author":[{"embeddable":true,"href":"https:\/\/radiofuturafm.com.br\/index.php\/wp-json\/wp\/v2\/users\/1"}],"replies":[{"embeddable":true,"href":"https:\/\/radiofuturafm.com.br\/index.php\/wp-json\/wp\/v2\/comments?post=300"}],"version-history":[{"count":1,"href":"https:\/\/radiofuturafm.com.br\/index.php\/wp-json\/wp\/v2\/posts\/300\/revisions"}],"predecessor-version":[{"id":303,"href":"https:\/\/radiofuturafm.com.br\/index.php\/wp-json\/wp\/v2\/posts\/300\/revisions\/303"}],"wp:featuredmedia":[{"embeddable":true,"href":"https:\/\/radiofuturafm.com.br\/index.php\/wp-json\/wp\/v2\/media\/301"}],"wp:attachment":[{"href":"https:\/\/radiofuturafm.com.br\/index.php\/wp-json\/wp\/v2\/media?parent=300"}],"wp:term":[{"taxonomy":"category","embeddable":true,"href":"https:\/\/radiofuturafm.com.br\/index.php\/wp-json\/wp\/v2\/categories?post=300"},{"taxonomy":"post_tag","embeddable":true,"href":"https:\/\/radiofuturafm.com.br\/index.php\/wp-json\/wp\/v2\/tags?post=300"}],"curies":[{"name":"wp","href":"https:\/\/api.w.org\/{rel}","templated":true}]}}