{"id":286,"date":"2024-05-07T23:57:39","date_gmt":"2024-05-07T23:57:39","guid":{"rendered":"https:\/\/radiofuturafm.com.br\/?p=286"},"modified":"2024-05-07T23:57:39","modified_gmt":"2024-05-07T23:57:39","slug":"ricardo-nunes-comenta-sobre-ampliacao-da-faixa-azul","status":"publish","type":"post","link":"https:\/\/radiofuturafm.com.br\/index.php\/2024\/05\/07\/ricardo-nunes-comenta-sobre-ampliacao-da-faixa-azul\/","title":{"rendered":"Ricardo Nunes comenta sobre amplia\u00e7\u00e3o da Faixa Azul"},"content":{"rendered":"<div  class='flex_column av-av_one_full-dfffed1c4949eead95ef84c3cc332849 av_one_full  avia-builder-el-0  el_before_av_player  avia-builder-el-first  first flex_column_div  '     ><p>\n<style type=\"text\/css\" data-created_by=\"avia_inline_auto\" id=\"style-css-av-lvx1rzb7-1040176db7f0063cec4083773a7cc446\">\n#top .av-special-heading.av-lvx1rzb7-1040176db7f0063cec4083773a7cc446{\npadding-bottom:10px;\n}\nbody .av-special-heading.av-lvx1rzb7-1040176db7f0063cec4083773a7cc446 .av-special-heading-tag .heading-char{\nfont-size:25px;\n}\n.av-special-heading.av-lvx1rzb7-1040176db7f0063cec4083773a7cc446 .av-subheading{\nfont-size:15px;\n}\n<\/style>\n<div  class='av-special-heading av-lvx1rzb7-1040176db7f0063cec4083773a7cc446 av-special-heading-h3  avia-builder-el-1  el_before_av_hr  avia-builder-el-first '><h3 class='av-special-heading-tag'  itemprop=\"headline\"  >Ricardo Nunes comenta sobre amplia\u00e7\u00e3o da Faixa Azul<\/h3><div class=\"special-heading-border\"><div class=\"special-heading-inner-border\"><\/div><\/div><\/div><br \/>\n<div  class='hr av-av_hr-91d7ccd583a503147498e120fee2ff9b hr-default  avia-builder-el-2  el_after_av_heading  el_before_av_textblock '><span class='hr-inner '><span class=\"hr-inner-style\"><\/span><\/span><\/div><br \/>\n<section  class='av_textblock_section av-lvx1tmas-5fb6107a87a487c1c3a50b7a48c578e5 '   itemscope=\"itemscope\" itemtype=\"https:\/\/schema.org\/BlogPosting\" itemprop=\"blogPost\" ><div class='avia_textblock'  itemprop=\"text\" ><h5>O prefeito afirma que a inten\u00e7\u00e3o \u00e9 expandir o projeto para mais vias da capital e a meta \u00e9 ter 220 km de faixa azul at\u00e9 o fim de 2024<\/h5>\n<p><em>Por Gabriel Nassif<\/em><\/p>\n<p><em>\u00a0<\/em><\/p>\n<p>Em coletiva com a imprensa local da regi\u00e3o do Butant\u00e3, durante a iniciativa Prefeitura Presente, o prefeito Ricardo Nunes (MDB) comentou sobre a amplia\u00e7\u00e3o do projeto da faixa azul. O encontro aconteceu no \u00faltimo dia 25 de abril, quinta-feira.<\/p>\n<p>Atualmente, a capital possui 90 km de faixa azul. O projeto-piloto foi implantado na Avenida 23 de Maio por causa do alto volume de tr\u00e1fego de motocicletas. Al\u00e9m disso, o \u00edndice de acidentes com moto era de 78%.<\/p>\n<p>Em conversa com a reportagem da Central de Not\u00edcias das R\u00e1dios Comunit\u00e1rias, Ricardo Nunes explicou sobre a implementa\u00e7\u00e3o de novas faixas azul para outras vias da cidade.<\/p>\n<p>\u201cAt\u00e9 o final do ano a gente completa 200 km\u201d disse o prefeito.<\/p>\n<p>\u201cA faixa azul \u00e9 uma das a\u00e7\u00f5es que a gente tomou e que eu tenho maior orgulho, porque salvou muitas vidas; salvou muitas pessoas de acidente\u201d, completou Nunes.<\/p>\n<p>De acordo com dados disponibilizados pela prefeitura de S\u00e3o Paulo, atualmente existem 1,3 milh\u00e3o de motos em circula\u00e7\u00e3o pela cidade. O objetivo da faixa azul \u00e9 tornar o tr\u00e1fego para motociclistas mais seguro.<\/p>\n<p>O motofretista, Danilo Vicci, aprova a amplia\u00e7\u00e3o das faixas azul para mais vias da capital.<\/p>\n<p>\u201cEu aprovo 100%. N\u00e3o tem como deixar sem essa faixa azul; tem que expandir cada vez mais&#8221;, comentou.<\/p>\n<p>\u201cS\u00e3o Paulo todo precisa. Era a Radial Leste e a 23 (de Maio) que tinham o maior \u00edndice de acidente. J\u00e1 fizeram a 23, a Washington Luiz, falta a Radial, que est\u00e1 em andamento\u201d complementa o motofretista.<\/p>\n<p>Ele tamb\u00e9m relata sobre os benef\u00edcios que o projeto trouxe aos motociclistas. \u201cTem muito pai voltando para casa, para rever suas fam\u00edlias, ent\u00e3o n\u00e3o tem palavras pra dizer que n\u00e3o ficou bom\u201d concluiu Danilo.<\/p>\n<p>Em maio de 2023 o projeto da faixa azul completou um ano de implanta\u00e7\u00e3o e mostrou sua efici\u00eancia. Segundo informa\u00e7\u00f5es divulgadas pela prefeitura, no per\u00edodo de 12 meses, foram registrados 98 acidentes. Desse total, 44 n\u00e3o geraram feridos e dos outros 54 acidentes, 86,4% das v\u00edtimas tiveram ferimentos leves e apenas 13,5% se feriram gravemente.<\/p>\n<p>A Central de Not\u00edcias da R\u00e1dio Futura &#8211; Parelheiros \u00e9 uma iniciativa do Projeto \u201cMitos Gregos e a Psicologia\u201d.\u00a0 Este projeto foi realizado com o apoio da 7\u00aa Edi\u00e7\u00e3o do Programa Municipal de Fomento ao Servi\u00e7o de Radiodifus\u00e3o Comunit\u00e1ria Para a Cidade de S\u00e3o Paulo.<\/p>\n<p>Os conte\u00fados ditos pelos entrevistados n\u00e3o refletem a opini\u00e3o da emissora.<\/p>\n<\/div><\/section><\/p><\/div><div id=\"av_player-1\" class=\"av-player av-player-container av-lvx1ujvv-61d394e7849310c3ebe84c34f12f3cce avia-playerstyle-classic av_player-1  avia-builder-el-4  el_after_av_one_full  el_before_av_video  first avia-playlist-hide-cover\"><div class=\"av-player-player-container\"><div class=\"wp-playlist wp-audio-playlist wp-playlist-light\">\n\t\t\t<div class=\"wp-playlist-current-item\"><\/div>\n\t\t<audio controls=\"controls\" preload=\"none\" width=\"1478\"\n\t\t\t><\/audio>\n\t<div class=\"wp-playlist-next\"><\/div>\n\t<div class=\"wp-playlist-prev\"><\/div>\n\t<noscript>\n\t<ol>\n\t\t<li><a href='https:\/\/radiofuturafm.com.br\/wp-content\/uploads\/2024\/05\/BOLETIM-INFORMATIVO-PREFEITURA-PRESENTE_-PREFEITO-COMENTA-SOBRE-AMPLIACAO-DAS-FAIXAS-AZUL.mp3'>BOLETIM INFORMATIVO PREFEITURA PRESENTE_ PREFEITO COMENTA SOBRE AMPLIA\u00c7\u00c3O DAS FAIXAS AZUL<\/a><\/li>\t<\/ol>\n\t<\/noscript>\n\t<script type=\"application\/json\" class=\"wp-playlist-script\">{\"type\":\"audio\",\"tracklist\":true,\"tracknumbers\":true,\"images\":true,\"artists\":true,\"tracks\":[{\"src\":\"https:\/\/radiofuturafm.com.br\/wp-content\/uploads\/2024\/05\/BOLETIM-INFORMATIVO-PREFEITURA-PRESENTE_-PREFEITO-COMENTA-SOBRE-AMPLIACAO-DAS-FAIXAS-AZUL.mp3\",\"type\":\"audio\/mpeg\",\"title\":\"BOLETIM INFORMATIVO PREFEITURA PRESENTE_ PREFEITO COMENTA SOBRE AMPLIA\\u00c7\\u00c3O DAS FAIXAS AZUL\",\"caption\":\"\",\"description\":\"\\\"BOLETIM INFORMATIVO PREFEITURA PRESENTE_ PREFEITO COMENTA SOBRE AMPLIA\\u00c7\\u00c3O DAS FAIXAS AZUL\\\".\",\"meta\":{\"length_formatted\":\"2:11\"},\"image\":{\"src\":\"https:\/\/radiofuturafm.com.br\/wp-includes\/images\/media\/audio.svg\",\"width\":48,\"height\":64},\"thumb\":{\"src\":\"https:\/\/radiofuturafm.com.br\/wp-includes\/images\/media\/audio.svg\",\"width\":48,\"height\":64}}]}<\/script>\n<\/div>\n\t<\/div><\/div><\/p>\n<div  class='avia-video av-lvx1vu42-1367f26cbb32dde50213ef42950b692e avia-video-16-9 av-no-preview-image avia-video-load-always avia-video-html5'  itemprop=\"video\" itemtype=\"https:\/\/schema.org\/VideoObject\"  data-original_url='https:\/\/radiofuturafm.com.br\/wp-content\/uploads\/2024\/05\/0503-115.mp4'><video class='avia_video'    preload=\"auto\"  controls id='player_286_759759846_1811953178'><source src='https:\/\/radiofuturafm.com.br\/wp-content\/uploads\/2024\/05\/0503-115.mp4' type='video\/mp4' \/><\/video><\/div>\n","protected":false},"excerpt":{"rendered":"","protected":false},"author":1,"featured_media":126,"comment_status":"open","ping_status":"open","sticky":false,"template":"","format":"standard","meta":{"footnotes":""},"categories":[1],"tags":[],"class_list":["post-286","post","type-post","status-publish","format-standard","has-post-thumbnail","hentry","category-noticiais"],"_links":{"self":[{"href":"https:\/\/radiofuturafm.com.br\/index.php\/wp-json\/wp\/v2\/posts\/286","targetHints":{"allow":["GET"]}}],"collection":[{"href":"https:\/\/radiofuturafm.com.br\/index.php\/wp-json\/wp\/v2\/posts"}],"about":[{"href":"https:\/\/radiofuturafm.com.br\/index.php\/wp-json\/wp\/v2\/types\/post"}],"author":[{"embeddable":true,"href":"https:\/\/radiofuturafm.com.br\/index.php\/wp-json\/wp\/v2\/users\/1"}],"replies":[{"embeddable":true,"href":"https:\/\/radiofuturafm.com.br\/index.php\/wp-json\/wp\/v2\/comments?post=286"}],"version-history":[{"count":1,"href":"https:\/\/radiofuturafm.com.br\/index.php\/wp-json\/wp\/v2\/posts\/286\/revisions"}],"predecessor-version":[{"id":289,"href":"https:\/\/radiofuturafm.com.br\/index.php\/wp-json\/wp\/v2\/posts\/286\/revisions\/289"}],"wp:featuredmedia":[{"embeddable":true,"href":"https:\/\/radiofuturafm.com.br\/index.php\/wp-json\/wp\/v2\/media\/126"}],"wp:attachment":[{"href":"https:\/\/radiofuturafm.com.br\/index.php\/wp-json\/wp\/v2\/media?parent=286"}],"wp:term":[{"taxonomy":"category","embeddable":true,"href":"https:\/\/radiofuturafm.com.br\/index.php\/wp-json\/wp\/v2\/categories?post=286"},{"taxonomy":"post_tag","embeddable":true,"href":"https:\/\/radiofuturafm.com.br\/index.php\/wp-json\/wp\/v2\/tags?post=286"}],"curies":[{"name":"wp","href":"https:\/\/api.w.org\/{rel}","templated":true}]}}