{"id":279,"date":"2024-04-30T03:13:52","date_gmt":"2024-04-30T03:13:52","guid":{"rendered":"https:\/\/radiofuturafm.com.br\/?p=279"},"modified":"2024-04-30T03:13:52","modified_gmt":"2024-04-30T03:13:52","slug":"em-clima-tenso-a-privatizacao-da-sabesp-e-aprovada-em-primeiro-turno","status":"publish","type":"post","link":"https:\/\/radiofuturafm.com.br\/index.php\/2024\/04\/30\/em-clima-tenso-a-privatizacao-da-sabesp-e-aprovada-em-primeiro-turno\/","title":{"rendered":"Em clima tenso, a privatiza\u00e7\u00e3o da Sabesp \u00e9 aprovada em primeiro turno"},"content":{"rendered":"<div  class='flex_column av-av_one_full-dfffed1c4949eead95ef84c3cc332849 av_one_full  avia-builder-el-0  el_before_av_player  avia-builder-el-first  first flex_column_div  '     ><p>\n<style type=\"text\/css\" data-created_by=\"avia_inline_auto\" id=\"style-css-av-lvltan4z-6edefb4efdb2744aa1bfa202acf9f79d\">\n#top .av-special-heading.av-lvltan4z-6edefb4efdb2744aa1bfa202acf9f79d{\npadding-bottom:10px;\n}\nbody .av-special-heading.av-lvltan4z-6edefb4efdb2744aa1bfa202acf9f79d .av-special-heading-tag .heading-char{\nfont-size:25px;\n}\n.av-special-heading.av-lvltan4z-6edefb4efdb2744aa1bfa202acf9f79d .av-subheading{\nfont-size:15px;\n}\n<\/style>\n<div  class='av-special-heading av-lvltan4z-6edefb4efdb2744aa1bfa202acf9f79d av-special-heading-h3  avia-builder-el-1  el_before_av_hr  avia-builder-el-first '><h3 class='av-special-heading-tag'  itemprop=\"headline\"  >Em clima tenso, a privatiza\u00e7\u00e3o da Sabesp \u00e9 aprovada em primeiro turno<\/h3><div class=\"special-heading-border\"><div class=\"special-heading-inner-border\"><\/div><\/div><\/div><br \/>\n<div  class='hr av-av_hr-91d7ccd583a503147498e120fee2ff9b hr-default  avia-builder-el-2  el_after_av_heading  el_before_av_textblock '><span class='hr-inner '><span class=\"hr-inner-style\"><\/span><\/span><\/div><br \/>\n<section  class='av_textblock_section av-lvltbxmr-1fd0bcef3956f614ef8865c1f242f427 '   itemscope=\"itemscope\" itemtype=\"https:\/\/schema.org\/BlogPosting\" itemprop=\"blogPost\" ><div class='avia_textblock'  itemprop=\"text\" ><h5>Com 30 votos a favor e 18 contra, o texto ser\u00e1 discutido nas audi\u00eancias p\u00fablicas antes de marcar a segunda vota\u00e7\u00e3o<\/h5>\n<p><em>Por Romulo Bonfim<\/em><\/p>\n<p><em>\u00a0<\/em><\/p>\n<p>A primeira sess\u00e3o que autoriza a capital paulista aderir \u00e0 privatiza\u00e7\u00e3o da Sabesp, foi marcada por protestos e debates acalorados, entre o p\u00fablico e os parlamentares.<\/p>\n<p>Em larga diferen\u00e7a, o projeto foi aprovado com 30 votos a favor e 18 contra. A vota\u00e7\u00e3o ocorreu na quarta-feira, 17 de abril, na C\u00e2mara Municipal de S\u00e3o Paulo.<\/p>\n<p>O texto segue para outra fase, nos pr\u00f3ximos dias acontecer\u00e3o mais 6 audi\u00eancias p\u00fablicas, para ouvir e debater poss\u00edveis altera\u00e7\u00f5es. Somente ap\u00f3s esses encontros, deve-se marcar a segunda e definitiva vota\u00e7\u00e3o.<\/p>\n<p>Para o Vereador e relator da proposta, Sidney Cruz (MDB), a aprova\u00e7\u00e3o do projeto, n\u00e3o significa a privatiza\u00e7\u00e3o da estatal, pois essa decis\u00e3o j\u00e1 ocorreu na Assembleia Legislativa do Estado. O parlamentar reitera que o tema segue em estudos pelos vereadores, desde outubro do ano passado.<\/p>\n<p>\u201cFui presidente de uma comiss\u00e3o especial. Nesta comiss\u00e3o, ouvimos 14 especialistas e durante os trabalhos nos aprofundamos neste debate. A vota\u00e7\u00e3o \u00e9 uma continuidade\u201d, comenta Sidney.<\/p>\n<p><strong>Altera\u00e7\u00e3o de Lei<\/strong><\/p>\n<p>A legisla\u00e7\u00e3o vigente n\u00b0 14.934\/2009, determina que caso a empresa seja transferida para a iniciativa privada, a norma \u00e9 automaticamente anulada, neste caso, precisar\u00e1 de uma nova lei para a empresa continuar fornecendo os servi\u00e7os \u00e0 capital paulista.<\/p>\n<p>Segundo o Deputado Estadual, Guilherme Cortez (PSOL), sem a cidade de S\u00e3o Paulo a privatiza\u00e7\u00e3o da SABESP n\u00e3o deve ocorrer, devido \u00e0 capital ser majoritariamente acionista da estatal, n\u00e3o ser\u00e1 vantajoso para os interessados em comprar as a\u00e7\u00f5es.<\/p>\n<p>\u201cPara que se tenha interesse financeiro em adquirir as a\u00e7\u00f5es da Sabesp, s\u00f3 a cidade de S\u00e3o Paulo corresponde a 50% da receita. Na pr\u00e1tica, se a c\u00e2mara n\u00e3o aprovar a privatiza\u00e7\u00e3o, ser\u00e1 praticamente barrado o segmento do processo.<\/p>\n<p>Nenhum acionista querer\u00e1 comprar as a\u00e7\u00f5es da Sabesp sem a capital\u201d, afirma o deputado.<\/p>\n<p>A Central de Not\u00edcias da R\u00e1dio Futura &#8211; Parelheiros \u00e9 uma iniciativa do Projeto \u201cMitos Gregos e a Psicologia\u201d.\u00a0 Este projeto foi realizado com o apoio da 7\u00aa Edi\u00e7\u00e3o do Programa Municipal de Fomento ao Servi\u00e7o de Radiodifus\u00e3o Comunit\u00e1ria Para a Cidade de S\u00e3o Paulo.<\/p>\n<p>Os conte\u00fados ditos pelos entrevistados n\u00e3o refletem a opini\u00e3o da emissora.<\/p>\n<\/div><\/section><\/p><\/div><div id=\"av_player-1\" class=\"av-player av-player-container av-lvltd07y-4aa41321157f53df52a848f4d569566a avia-playerstyle-classic av_player-1  avia-builder-el-4  el_after_av_one_full  el_before_av_video  first avia-playlist-hide-cover\"><div class=\"av-player-player-container\"><div class=\"wp-playlist wp-audio-playlist wp-playlist-light\">\n\t\t\t<div class=\"wp-playlist-current-item\"><\/div>\n\t\t<audio controls=\"controls\" preload=\"none\" width=\"1478\"\n\t\t\t><\/audio>\n\t<div class=\"wp-playlist-next\"><\/div>\n\t<div class=\"wp-playlist-prev\"><\/div>\n\t<noscript>\n\t<ol>\n\t\t<li><a href='https:\/\/radiofuturafm.com.br\/wp-content\/uploads\/2024\/04\/BOLETIM-INFORMATIVO-PRIMEIRA-VOTACAO-DA-SABESP.mp3'>BOLETIM INFORMATIVO - PRIMEIRA VOTA\u00c7\u00c3O DA SABESP<\/a><\/li>\t<\/ol>\n\t<\/noscript>\n\t<script type=\"application\/json\" class=\"wp-playlist-script\">{\"type\":\"audio\",\"tracklist\":true,\"tracknumbers\":true,\"images\":true,\"artists\":true,\"tracks\":[{\"src\":\"https:\/\/radiofuturafm.com.br\/wp-content\/uploads\/2024\/04\/BOLETIM-INFORMATIVO-PRIMEIRA-VOTACAO-DA-SABESP.mp3\",\"type\":\"audio\/mpeg\",\"title\":\"BOLETIM INFORMATIVO - PRIMEIRA VOTA\\u00c7\\u00c3O DA SABESP\",\"caption\":\"\",\"description\":\"\\\"BOLETIM INFORMATIVO - PRIMEIRA VOTA\\u00c7\\u00c3O DA SABESP\\\".\",\"meta\":{\"length_formatted\":\"1:58\"},\"image\":{\"src\":\"https:\/\/radiofuturafm.com.br\/wp-includes\/images\/media\/audio.svg\",\"width\":48,\"height\":64},\"thumb\":{\"src\":\"https:\/\/radiofuturafm.com.br\/wp-includes\/images\/media\/audio.svg\",\"width\":48,\"height\":64}}]}<\/script>\n<\/div>\n\t<\/div><\/div><\/p>\n<div  class='avia-video av-lvltdce2-a86f928f71a6c6b7f8f4dae4f7c2e8c2 avia-video-16-9 av-no-preview-image avia-video-load-always av-lazyload-immediate av-lazyload-video-embed'  itemprop=\"video\" itemtype=\"https:\/\/schema.org\/VideoObject\"  data-original_url='https:\/\/www.youtube.com\/watch?v=4xQEHJPmM1I'><script type='text\/html' class='av-video-tmpl'><div class='avia-iframe-wrap'><iframe loading=\"lazy\" title=\"BOLETIM  - PRIMEIRA VOTA\u00c7\u00c3O DO PROJETO DE PRIVATIZA\u00c7\u00c3O DA SABESP\" width=\"1500\" height=\"844\" src=\"https:\/\/www.youtube.com\/embed\/4xQEHJPmM1I?feature=oembed&autoplay=0&loop=0&controls=1&mute=0\" frameborder=\"0\" allow=\"accelerometer; autoplay; clipboard-write; encrypted-media; gyroscope; picture-in-picture; web-share\" referrerpolicy=\"strict-origin-when-cross-origin\" allowfullscreen><\/iframe><\/div><\/script><div class='av-click-to-play-overlay'><div class=\"avia_playpause_icon\"><\/div><\/div><\/div>\n","protected":false},"excerpt":{"rendered":"<p>Com 30 votos a favor e 18 contra, o texto ser\u00e1 discutido nas audi\u00eancias p\u00fablicas antes de marcar a segunda vota\u00e7\u00e3o<\/p>\n","protected":false},"author":1,"featured_media":126,"comment_status":"open","ping_status":"open","sticky":false,"template":"","format":"standard","meta":{"footnotes":""},"categories":[1],"tags":[],"class_list":["post-279","post","type-post","status-publish","format-standard","has-post-thumbnail","hentry","category-noticiais"],"_links":{"self":[{"href":"https:\/\/radiofuturafm.com.br\/index.php\/wp-json\/wp\/v2\/posts\/279","targetHints":{"allow":["GET"]}}],"collection":[{"href":"https:\/\/radiofuturafm.com.br\/index.php\/wp-json\/wp\/v2\/posts"}],"about":[{"href":"https:\/\/radiofuturafm.com.br\/index.php\/wp-json\/wp\/v2\/types\/post"}],"author":[{"embeddable":true,"href":"https:\/\/radiofuturafm.com.br\/index.php\/wp-json\/wp\/v2\/users\/1"}],"replies":[{"embeddable":true,"href":"https:\/\/radiofuturafm.com.br\/index.php\/wp-json\/wp\/v2\/comments?post=279"}],"version-history":[{"count":1,"href":"https:\/\/radiofuturafm.com.br\/index.php\/wp-json\/wp\/v2\/posts\/279\/revisions"}],"predecessor-version":[{"id":281,"href":"https:\/\/radiofuturafm.com.br\/index.php\/wp-json\/wp\/v2\/posts\/279\/revisions\/281"}],"wp:featuredmedia":[{"embeddable":true,"href":"https:\/\/radiofuturafm.com.br\/index.php\/wp-json\/wp\/v2\/media\/126"}],"wp:attachment":[{"href":"https:\/\/radiofuturafm.com.br\/index.php\/wp-json\/wp\/v2\/media?parent=279"}],"wp:term":[{"taxonomy":"category","embeddable":true,"href":"https:\/\/radiofuturafm.com.br\/index.php\/wp-json\/wp\/v2\/categories?post=279"},{"taxonomy":"post_tag","embeddable":true,"href":"https:\/\/radiofuturafm.com.br\/index.php\/wp-json\/wp\/v2\/tags?post=279"}],"curies":[{"name":"wp","href":"https:\/\/api.w.org\/{rel}","templated":true}]}}