{"id":263,"date":"2024-04-13T02:25:57","date_gmt":"2024-04-13T02:25:57","guid":{"rendered":"https:\/\/radiofuturafm.com.br\/?p=263"},"modified":"2024-04-13T02:25:57","modified_gmt":"2024-04-13T02:25:57","slug":"movimento-reivindica-compromisso-da-prefeitura-com-projeto-habitacional-pode-entrar","status":"publish","type":"post","link":"https:\/\/radiofuturafm.com.br\/index.php\/2024\/04\/13\/movimento-reivindica-compromisso-da-prefeitura-com-projeto-habitacional-pode-entrar\/","title":{"rendered":"Movimento reivindica compromisso da prefeitura com projeto habitacional \u201cPode Entrar\u201d"},"content":{"rendered":"<div  class='flex_column av-av_one_full-dfffed1c4949eead95ef84c3cc332849 av_one_full  avia-builder-el-0  el_before_av_player  avia-builder-el-first  first flex_column_div  '     ><p>\n<style type=\"text\/css\" data-created_by=\"avia_inline_auto\" id=\"style-css-av-luxh1710-eb4babe0f74ac01b68bf05caadf397f0\">\n#top .av-special-heading.av-luxh1710-eb4babe0f74ac01b68bf05caadf397f0{\npadding-bottom:10px;\n}\nbody .av-special-heading.av-luxh1710-eb4babe0f74ac01b68bf05caadf397f0 .av-special-heading-tag .heading-char{\nfont-size:25px;\n}\n.av-special-heading.av-luxh1710-eb4babe0f74ac01b68bf05caadf397f0 .av-subheading{\nfont-size:15px;\n}\n<\/style>\n<div  class='av-special-heading av-luxh1710-eb4babe0f74ac01b68bf05caadf397f0 av-special-heading-h3  avia-builder-el-1  el_before_av_hr  avia-builder-el-first '><h3 class='av-special-heading-tag'  itemprop=\"headline\"  >Movimento reivindica compromisso da prefeitura com projeto habitacional <span class='special_amp'>\u201c<\/span>Pode Entrar<span class='special_amp'>\u201d<\/span> <\/h3><div class=\"special-heading-border\"><div class=\"special-heading-inner-border\"><\/div><\/div><\/div><br \/>\n<div  class='hr av-av_hr-91d7ccd583a503147498e120fee2ff9b hr-default  avia-builder-el-2  el_after_av_heading  el_before_av_textblock '><span class='hr-inner '><span class=\"hr-inner-style\"><\/span><\/span><\/div><br \/>\n<section  class='av_textblock_section av-luxh2bo6-5e581debeb8991ddebd12b4e380807d3 '   itemscope=\"itemscope\" itemtype=\"https:\/\/schema.org\/BlogPosting\" itemprop=\"blogPost\" ><div class='avia_textblock'  itemprop=\"text\" ><p>Movimentos de moradia realizaram manifesta\u00e7\u00f5es no dia 2 de abril para reivindicar que a prefeitura fizesse o repasse financeiro para o programa habitacional \u201cPode Entrar\u201d. Centenas de integrantes dos movimentos andaram pelas ruas do centro at\u00e9 a frente da Prefeitura de S\u00e3o Paulo, no viaduto do Ch\u00e1.<\/p>\n<p>Ap\u00f3s as reivindica\u00e7\u00f5es, a Prefeitura liberou os pagamentos atrasados de 1.200 moradias que est\u00e3o em obras atrav\u00e9s do programa. Para falar sobre esta quest\u00e3o ouvimos a assistente social, coordenadora da Uni\u00e3o do Movimento de Moradia de S\u00e3o Paulo &#8211; Evaniza Rodrigues.<\/p>\n<p>\u201cA Uni\u00e3o do movimento de moradia vem se movimentando desde fevereiro em torno das quest\u00f5es financeira do projeto \u201cPode Entrar\u201d e tamb\u00e9m das regras inadequadas que o programa tem desde o princ\u00edpio\u201d, afirma Evanize. De acordo com ela, al\u00e9m dos atos ocorreram v\u00e1rias reuni\u00f5es e dias de plant\u00e3o dentro da Cohab para \u00a0pressionar \u00a0que sa\u00edssem os repasses financeiros das obras das entidades.<\/p>\n<p>\u201cEsse atraso acarreta n\u00e3o s\u00f3 a problema financeiro, porque fica fatura sem pagamento, o risco de paralisa\u00e7\u00e3o de obra e tamb\u00e9m o atraso nos cronograma das obras. Para que n\u00e3o aconte\u00e7a novamente, a prefeitura alegou que foram desencontros relacionados a in\u00edcio de ano, mas isso foi muito ruim pra todo mundo. Hoje depois de mais de duas semanas de press\u00e3o e de um ato finalmente as parcelas foram depositadas nas contas das entidades\u201d, relata a coordenadora da Uni\u00e3o do Movimento de Moradia.<\/p>\n<p>A Central de Not\u00edcias da R\u00e1dio Futura &#8211; Parelheiros \u00e9 uma iniciativa do Projeto \u201cMitos Gregos e a Psicologia\u201d.\u00a0 Este projeto foi realizado com o apoio da 7\u00aa Edi\u00e7\u00e3o do Programa Municipal de Fomento ao Servi\u00e7o de Radiodifus\u00e3o Comunit\u00e1ria Para a Cidade de S\u00e3o Paulo.<\/p>\n<p>Os conte\u00fados ditos pelos entrevistados n\u00e3o refletem a opini\u00e3o da emissora.<\/p>\n<\/div><\/section><\/p><\/div><div id=\"av_player-1\" class=\"av-player av-player-container av-luxh3zy8-e9ede6f1a4f1d8983b40ad3b19ccdd33 avia-playerstyle-classic av_player-1  avia-builder-el-4  el_after_av_one_full  el_before_av_video  first avia-playlist-hide-cover\"><div class=\"av-player-player-container\"><div class=\"wp-playlist wp-audio-playlist wp-playlist-light\">\n\t\t\t<div class=\"wp-playlist-current-item\"><\/div>\n\t\t<audio controls=\"controls\" preload=\"none\" width=\"1478\"\n\t\t\t><\/audio>\n\t<div class=\"wp-playlist-next\"><\/div>\n\t<div class=\"wp-playlist-prev\"><\/div>\n\t<noscript>\n\t<ol>\n\t\t<li><a href='https:\/\/radiofuturafm.com.br\/wp-content\/uploads\/2024\/04\/20-Movimento-reivindica-compromisso-da-prefeitura-com-projeto-habitacional.mp3'>20 - Movimento reivindica compromisso da prefeitura com projeto habitacional<\/a><\/li>\t<\/ol>\n\t<\/noscript>\n\t<script type=\"application\/json\" class=\"wp-playlist-script\">{\"type\":\"audio\",\"tracklist\":true,\"tracknumbers\":true,\"images\":true,\"artists\":true,\"tracks\":[{\"src\":\"https:\/\/radiofuturafm.com.br\/wp-content\/uploads\/2024\/04\/20-Movimento-reivindica-compromisso-da-prefeitura-com-projeto-habitacional.mp3\",\"type\":\"audio\/mpeg\",\"title\":\"20 - Movimento reivindica compromisso da prefeitura com projeto habitacional\",\"caption\":\"\",\"description\":\"\\\"20 - Movimento reivindica compromisso da prefeitura com projeto habitacional\\\". G\\u00eanero: Other.\",\"meta\":{\"genre\":\"Other\",\"length_formatted\":\"2:08\"},\"image\":{\"src\":\"https:\/\/radiofuturafm.com.br\/wp-includes\/images\/media\/audio.svg\",\"width\":48,\"height\":64},\"thumb\":{\"src\":\"https:\/\/radiofuturafm.com.br\/wp-includes\/images\/media\/audio.svg\",\"width\":48,\"height\":64}}]}<\/script>\n<\/div>\n\t<\/div><\/div><\/p>\n<div  class='avia-video av-luxh6b5p-a5d889b045b779b9c1638a1be9a36862 avia-video-16-9 av-no-preview-image avia-video-load-always avia-video-html5'  itemprop=\"video\" itemtype=\"https:\/\/schema.org\/VideoObject\"  data-original_url='https:\/\/radiofuturafm.com.br\/wp-content\/uploads\/2024\/04\/041215.mp4'><video class='avia_video'    preload=\"auto\"  controls id='player_263_1229783450_1692488451'><source src='https:\/\/radiofuturafm.com.br\/wp-content\/uploads\/2024\/04\/041215.mp4' type='video\/mp4' \/><\/video><\/div>\n","protected":false},"excerpt":{"rendered":"<p>Movimentos de moradia realizaram manifesta\u00e7\u00f5es no dia 2 de abril para reivindicar que a prefeitura fizesse o repasse financeiro para o programa habitacional \u201cPode Entrar\u201d. Centenas de integrantes dos movimentos andaram pelas ruas do centro at\u00e9 a frente da Prefeitura de S\u00e3o Paulo, no viaduto do Ch\u00e1.<\/p>\n","protected":false},"author":1,"featured_media":126,"comment_status":"open","ping_status":"open","sticky":false,"template":"","format":"standard","meta":{"footnotes":""},"categories":[1],"tags":[],"class_list":["post-263","post","type-post","status-publish","format-standard","has-post-thumbnail","hentry","category-noticiais"],"_links":{"self":[{"href":"https:\/\/radiofuturafm.com.br\/index.php\/wp-json\/wp\/v2\/posts\/263","targetHints":{"allow":["GET"]}}],"collection":[{"href":"https:\/\/radiofuturafm.com.br\/index.php\/wp-json\/wp\/v2\/posts"}],"about":[{"href":"https:\/\/radiofuturafm.com.br\/index.php\/wp-json\/wp\/v2\/types\/post"}],"author":[{"embeddable":true,"href":"https:\/\/radiofuturafm.com.br\/index.php\/wp-json\/wp\/v2\/users\/1"}],"replies":[{"embeddable":true,"href":"https:\/\/radiofuturafm.com.br\/index.php\/wp-json\/wp\/v2\/comments?post=263"}],"version-history":[{"count":1,"href":"https:\/\/radiofuturafm.com.br\/index.php\/wp-json\/wp\/v2\/posts\/263\/revisions"}],"predecessor-version":[{"id":266,"href":"https:\/\/radiofuturafm.com.br\/index.php\/wp-json\/wp\/v2\/posts\/263\/revisions\/266"}],"wp:featuredmedia":[{"embeddable":true,"href":"https:\/\/radiofuturafm.com.br\/index.php\/wp-json\/wp\/v2\/media\/126"}],"wp:attachment":[{"href":"https:\/\/radiofuturafm.com.br\/index.php\/wp-json\/wp\/v2\/media?parent=263"}],"wp:term":[{"taxonomy":"category","embeddable":true,"href":"https:\/\/radiofuturafm.com.br\/index.php\/wp-json\/wp\/v2\/categories?post=263"},{"taxonomy":"post_tag","embeddable":true,"href":"https:\/\/radiofuturafm.com.br\/index.php\/wp-json\/wp\/v2\/tags?post=263"}],"curies":[{"name":"wp","href":"https:\/\/api.w.org\/{rel}","templated":true}]}}