{"id":180,"date":"2024-01-23T14:57:10","date_gmt":"2024-01-23T14:57:10","guid":{"rendered":"https:\/\/radiofuturafm.com.br\/?p=180"},"modified":"2024-01-23T16:40:20","modified_gmt":"2024-01-23T16:40:20","slug":"lula-sanciona-lei-que-inclui-bullying-e-cyberbullying-no-codigo-penal-e-eleva-pena-de-crimes-contra-criancas-e-adolescentes","status":"publish","type":"post","link":"https:\/\/radiofuturafm.com.br\/index.php\/2024\/01\/23\/lula-sanciona-lei-que-inclui-bullying-e-cyberbullying-no-codigo-penal-e-eleva-pena-de-crimes-contra-criancas-e-adolescentes\/","title":{"rendered":"Lula sanciona lei que inclui bullying e cyberbullying no C\u00f3digo Penal e eleva pena de crimes contra crian\u00e7as e adolescentes"},"content":{"rendered":"<div  class='flex_column av-slbp0-9e274032b7d3fa4815d383b17600508e av_one_full  avia-builder-el-0  el_before_av_player  avia-builder-el-first  first flex_column_div  '     ><p>\n<style type=\"text\/css\" data-created_by=\"avia_inline_auto\" id=\"style-css-av-lrqh8ujx-4d3808acc1b664f55afd889c149c794b\">\n#top .av-special-heading.av-lrqh8ujx-4d3808acc1b664f55afd889c149c794b{\npadding-bottom:10px;\n}\nbody .av-special-heading.av-lrqh8ujx-4d3808acc1b664f55afd889c149c794b .av-special-heading-tag .heading-char{\nfont-size:25px;\n}\n.av-special-heading.av-lrqh8ujx-4d3808acc1b664f55afd889c149c794b .av-subheading{\nfont-size:15px;\n}\n<\/style>\n<div  class='av-special-heading av-lrqh8ujx-4d3808acc1b664f55afd889c149c794b av-special-heading-h3  avia-builder-el-1  el_before_av_hr  avia-builder-el-first '><h3 class='av-special-heading-tag'  itemprop=\"headline\"  >Lula sanciona lei que inclui bullying e cyberbullying no C\u00f3digo Penal e eleva pena de crimes contra crian\u00e7as e adolescentes<\/h3><div class=\"special-heading-border\"><div class=\"special-heading-inner-border\"><\/div><\/div><\/div><br \/>\n<div  class='hr av-l5n4c-20ae8c3ffe114878569a946b8372f87e hr-default  avia-builder-el-2  el_after_av_heading  el_before_av_textblock '><span class='hr-inner '><span class=\"hr-inner-style\"><\/span><\/span><\/div><br \/>\n<section  class='av_textblock_section av-lrqhasih-7a100ce85dad05c14d34f7503f314c0b '   itemscope=\"itemscope\" itemtype=\"https:\/\/schema.org\/BlogPosting\" itemprop=\"blogPost\" ><div class='avia_textblock'  itemprop=\"text\" ><p><em>Por Nahama Nunes\u00a0<\/em><\/p>\n<p>O presidente Luiz In\u00e1cio Lula da Silva sancionou na segunda-feira (15) a lei que inclui os crimes de bullying e cyberbullying no C\u00f3digo Penal. Agora, o C\u00f3digo Penal prev\u00ea multa para quem cometer bullying, e reclus\u00e3o e multa para quem cometer o mesmo crime por meios virtuais.<\/p>\n<p>No caso do cyberbullying, a pena pode chegar a per\u00edodo de 2 a 4 anos de reclus\u00e3o, al\u00e9m de multa. O termo inclui a intimida\u00e7\u00e3o sistem\u00e1tica feita em redes sociais, aplicativos, jogos online ou &#8220;qualquer meio ou ambiente digital&#8221;.<\/p>\n<p>O C\u00f3digo Penal tamb\u00e9m prev\u00ea agravantes se o bullying for cometido em grupo (mais de tr\u00eas autores), se houver uso de armas ou se envolver outros crimes violentos inclu\u00eddos na legisla\u00e7\u00e3o.<\/p>\n<p>A advogada Clarissa Luz, especialista em direito digital, governan\u00e7a de dados e ciberseguran\u00e7a, explica as caracter\u00edsticas de cada crime.<\/p>\n<p>\u201cBullying ou cyberbullying \u00e9 o ato de intimidar sistematicamente uma pessoa por meio de viol\u00eancia f\u00edsica ou psicol\u00f3gica. De forma intencional, o agressor comete atos de humilha\u00e7\u00e3o e descrimina\u00e7\u00e3o. Muitas vezes essas pr\u00e1ticas acontecem de forma verbal. Caso esses crimes sejam cometidos em redes de mensagens instant\u00e2neas em celulares, games e computadores, eles s\u00e3o considerados cyberbullying\u201d, explicou.<\/p>\n<p>O texto sancionado por Lula tamb\u00e9m eleva penas para outros crimes cometidos contra crian\u00e7as e adolescentes. No trecho do C\u00f3digo Penal que trata de homic\u00eddio, por exemplo, a nova lei prev\u00ea que a pena por matar uma crian\u00e7a menor de 14 anos seja aumentada em 2\/3 caso o crime tenha sido cometido em escola.<\/p>\n<p>No crime de indu\u00e7\u00e3o ou aux\u00edlio ao suic\u00eddio, a pena agora pode dobrar se o autor \u00e9 l\u00edder, coordenador ou administrador de grupo, de comunidade ou de rede virtual, ou por estes \u00e9 respons\u00e1vel.<\/p>\n<p>A Central de Not\u00edcias da R\u00e1dio Futura &#8211; Parelheiros \u00e9 uma iniciativa do Projeto \u201cMitos Gregos e a Psicologia\u201d.\u00a0 Este projeto foi realizado com o apoio da 7\u00aa Edi\u00e7\u00e3o do Programa Municipal de Fomento ao Servi\u00e7o de Radiodifus\u00e3o Comunit\u00e1ria Para a Cidade de S\u00e3o Paulo.<\/p>\n<p>Os conte\u00fados ditos pelos entrevistados n\u00e3o refletem a opini\u00e3o da emissora.<\/p>\n<\/div><\/section><\/p><\/div>\n<div id=\"av_player-1\" class=\"av-player av-player-container av-gvtb8-4687d49023f459071e05eb0eada50e51 avia-playerstyle-classic av_player-1  avia-builder-el-4  el_after_av_one_full  el_before_av_video  first avia-playlist-hide-cover\"><div class=\"av-player-player-container\"><div class=\"wp-playlist wp-audio-playlist wp-playlist-light\">\n\t\t\t<div class=\"wp-playlist-current-item\"><\/div>\n\t\t<audio controls=\"controls\" preload=\"none\" width=\"1478\"\n\t\t\t><\/audio>\n\t<div class=\"wp-playlist-next\"><\/div>\n\t<div class=\"wp-playlist-prev\"><\/div>\n\t<noscript>\n\t<ol>\n\t\t<li><a href='https:\/\/radiofuturafm.com.br\/wp-content\/uploads\/2024\/01\/9-Lula-sanciona-lei-que-inclui-bullying-e-cyberbullying-no-Codigo-Penal-e-eleva-pena-de-crimes-contra-criancas-e-adolescentes1.mp3'>9-Lula sanciona lei que inclui bullying e cyberbullying no C\u00f3digo Penal e eleva pena de crimes contra crian\u00e7as e adolescentes(1)<\/a><\/li>\t<\/ol>\n\t<\/noscript>\n\t<script type=\"application\/json\" class=\"wp-playlist-script\">{\"type\":\"audio\",\"tracklist\":true,\"tracknumbers\":true,\"images\":true,\"artists\":true,\"tracks\":[{\"src\":\"https:\/\/radiofuturafm.com.br\/wp-content\/uploads\/2024\/01\/9-Lula-sanciona-lei-que-inclui-bullying-e-cyberbullying-no-Codigo-Penal-e-eleva-pena-de-crimes-contra-criancas-e-adolescentes1.mp3\",\"type\":\"audio\/mpeg\",\"title\":\"9-Lula sanciona lei que inclui bullying e cyberbullying no C\\u00f3digo Penal e eleva pena de crimes contra crian\\u00e7as e adolescentes(1)\",\"caption\":\"\",\"description\":\"\\\"9-Lula sanciona lei que inclui bullying e cyberbullying no C\\u00f3digo Penal e eleva pena de crimes contra crian\\u00e7as e adolescentes(1)\\\". G\\u00eanero: Other.\",\"meta\":{\"genre\":\"Other\",\"length_formatted\":\"2:16\"},\"image\":{\"src\":\"https:\/\/radiofuturafm.com.br\/wp-includes\/images\/media\/audio.svg\",\"width\":48,\"height\":64},\"thumb\":{\"src\":\"https:\/\/radiofuturafm.com.br\/wp-includes\/images\/media\/audio.svg\",\"width\":48,\"height\":64}}]}<\/script>\n<\/div>\n\t<\/div><\/div>\n<div  class='avia-video av-a099w-76745cffaaf2bf92688b3dbb47876b86 avia-video-16-9 av-no-preview-image avia-video-load-always avia-video-html5'  itemprop=\"video\" itemtype=\"https:\/\/schema.org\/VideoObject\"  data-original_url='https:\/\/radiofuturafm.com.br\/wp-content\/uploads\/2024\/01\/122132.mp4'><video class='avia_video'    preload=\"auto\"  controls id='player_180_260035784_201233216'><source src='https:\/\/radiofuturafm.com.br\/wp-content\/uploads\/2024\/01\/122132.mp4' type='video\/mp4' \/><\/video><\/div>\n","protected":false},"excerpt":{"rendered":"<p>O presidente Luiz In\u00e1cio Lula da Silva sancionou na segunda-feira (15) a lei que inclui os crimes de bullying e cyberbullying no C\u00f3digo Penal. Agora, o C\u00f3digo Penal prev\u00ea multa para quem cometer bullying, e reclus\u00e3o e multa para quem cometer o mesmo crime por meios virtuais.<\/p>\n","protected":false},"author":1,"featured_media":126,"comment_status":"open","ping_status":"open","sticky":false,"template":"","format":"standard","meta":{"footnotes":""},"categories":[1],"tags":[],"class_list":["post-180","post","type-post","status-publish","format-standard","has-post-thumbnail","hentry","category-noticiais"],"_links":{"self":[{"href":"https:\/\/radiofuturafm.com.br\/index.php\/wp-json\/wp\/v2\/posts\/180","targetHints":{"allow":["GET"]}}],"collection":[{"href":"https:\/\/radiofuturafm.com.br\/index.php\/wp-json\/wp\/v2\/posts"}],"about":[{"href":"https:\/\/radiofuturafm.com.br\/index.php\/wp-json\/wp\/v2\/types\/post"}],"author":[{"embeddable":true,"href":"https:\/\/radiofuturafm.com.br\/index.php\/wp-json\/wp\/v2\/users\/1"}],"replies":[{"embeddable":true,"href":"https:\/\/radiofuturafm.com.br\/index.php\/wp-json\/wp\/v2\/comments?post=180"}],"version-history":[{"count":3,"href":"https:\/\/radiofuturafm.com.br\/index.php\/wp-json\/wp\/v2\/posts\/180\/revisions"}],"predecessor-version":[{"id":197,"href":"https:\/\/radiofuturafm.com.br\/index.php\/wp-json\/wp\/v2\/posts\/180\/revisions\/197"}],"wp:featuredmedia":[{"embeddable":true,"href":"https:\/\/radiofuturafm.com.br\/index.php\/wp-json\/wp\/v2\/media\/126"}],"wp:attachment":[{"href":"https:\/\/radiofuturafm.com.br\/index.php\/wp-json\/wp\/v2\/media?parent=180"}],"wp:term":[{"taxonomy":"category","embeddable":true,"href":"https:\/\/radiofuturafm.com.br\/index.php\/wp-json\/wp\/v2\/categories?post=180"},{"taxonomy":"post_tag","embeddable":true,"href":"https:\/\/radiofuturafm.com.br\/index.php\/wp-json\/wp\/v2\/tags?post=180"}],"curies":[{"name":"wp","href":"https:\/\/api.w.org\/{rel}","templated":true}]}}